{"id":894,"date":"2025-05-13T18:56:49","date_gmt":"2025-05-13T22:56:49","guid":{"rendered":"https:\/\/themastjournal.org\/?p=894"},"modified":"2025-05-22T14:39:00","modified_gmt":"2025-05-22T18:39:00","slug":"el-papa-leon-xiv-y-la-misericordia","status":"publish","type":"post","link":"https:\/\/themastjournal.org\/es\/el-papa-leon-xiv-y-la-misericordia\/","title":{"rendered":"El Papa Le\u00f3n XIV y la Misericordia"},"content":{"rendered":"\n<p>Las Hermanas de la Misericordia se unieron a los cat\u00f3licos de todo el mundo para regocijarse por la noticia de un nuevo pont\u00edfice, y m\u00e1s a\u00fan cuando supieron qui\u00e9n era. El Papa Le\u00f3n XIV tiene muchos v\u00ednculos con la Misericordia a trav\u00e9s de su familia y sus ministerios.\u202f<\/p>\n\n\n\n<p>Naci\u00f3 en el sur de Chicago, en el (ahora cerrado) Hospital y Centro M\u00e9dico de la Misericordia, en la esquina de South Prairie Avenue y la calle 34, y es de la misma ciudad que nuestra presidenta del Instituto, Hermana Susan Sanders, una ciudad con una fuerte presencia de la Misericordia.<\/p>\n\n\n\n<p>Pero \u00e9l tambi\u00e9n tuvo influencia de la Misericordia en su familia: la hermana de su madre fue una Hermana de la Misericordia conocida como Hermana Mary Sulpice Martinez, quien naci\u00f3 en Nueva Orleans, Luisiana, en 1903. Ella se gradu\u00f3 de la Academia San Xavier en Chicago, Illinois, hoy conocida como Escuela Secundaria de Artes Liberales Madre McAuley, y entr\u00f3 a las Hermanas de la Misericordia a la edad de 19 a\u00f1os. Ella obtuvo una licenciatura en franc\u00e9s en la Universidad San Xavier de Chicago, Illinois, una universidad auspiciada por las Hermanas de la Misericordia. Tambi\u00e9n ten\u00eda una maestr\u00eda en teolog\u00eda del Dominican College of St. Thomas Aquinas. Hermana Mary Sulpice ense\u00f1\u00f3 en escuelas primarias y secundarias cat\u00f3licas durante m\u00e1s de 38 a\u00f1os en la Arquidi\u00f3cesis de Chicago, incluyendo una breve etapa como docente en su alma mater, la Academia San Xavier, como su \u00faltimo ministerio de ense\u00f1anza.<\/p>\n\n\n\n<p>El Papa Le\u00f3n se encontr\u00f3 nuevamente con las Hermanas de la Misericordia en Chulucanas, Per\u00fa, donde fue misionero de 1985 a 1986 y de 1988 a 1998. Las Hermanas de la Misericordia tienen una larga historia de trabajo en Per\u00fa, particularmente en \u00e1reas rurales y empobrecidas, desempe\u00f1ando diversos roles como docentes, proveedoras de servicios de salud y defensoras de la justicia social. Las Hermanas de la Misericordia de Estados Unidos, auspiciadas por la Provincia de Chicago, llegaron a Sicuani, Per\u00fa, en 1961, respondiendo al llamado de misioneros y misioneras en Am\u00e9rica Latina.\u202f&nbsp;<\/p>\n\n\n\n<p>Hermana Sheila Murphy, que prest\u00f3 servicio en Per\u00fa durante 13 a\u00f1os, se reuni\u00f3 con Padre Prevost en varias ocasiones. \u00abComo Hermanas de la Misericordia, hemos compartido el ministerio con la comunidad agustina en Chulucanas, Per\u00fa. Tambi\u00e9n compartimos valores similares, como la comunidad, la caridad, el servicio y la hospitalidad. Como el Papa Le\u00f3n lleva estos dones a un mundo hambriento de paz global, nos sentimos bendecidas al saber que estos ser\u00e1n los principios rectores de Le\u00f3n\u00bb, afirm\u00f3 Hermana Sheila.&nbsp;<\/p>\n\n\n\n<p>Hermana Patricia Mulderick tambi\u00e9n encontr\u00f3 al hombre que ella conoc\u00eda como \u00abPadre Roberto\u00bb en Chulucanas durante su primer viaje misionero a Per\u00fa y lo describi\u00f3 como una \u00abpersona positiva\u00bb, \u00abdiscreta y humilde\u2026 pero, llena de cari\u00f1o y compasi\u00f3n\u00bb.&nbsp;&nbsp;<\/p>\n\n\n\n<p>Ella dijo que \u00e9l siempre se interesaba por los di\u00e1logos que ten\u00edan durante la cena sobre la dif\u00edcil situaci\u00f3n de los pobres. \u00abSiempre estaba atento e interesado\u00bb.&nbsp;<\/p>\n\n\n\n<p>En la declaraci\u00f3n, Hermana Susan Sanders, presidenta del equipo de liderazgo de las Hermanas de la Misericordia de las Am\u00e9ricas, dijo: \u00abEspero que, en su enfoque pastoral, nuestro nuevo Papa diga la verdad a los poderosos y, en su estilo de vida, sea un modelo del estilo de vida y las preocupaciones de los desamparados\u00bb.&nbsp;&nbsp;<\/p>\n\n\n\n<p class=\"has-pale-cyan-blue-background-color has-background\">Publicado originalmente por las Hermanas de la Misericordia en sistersofmercy.org el 13 de mayo de 2025.<\/p>\n\n\n\n<figure class=\"wp-block-image aligncenter size-full\"><img decoding=\"async\" width=\"57\" height=\"57\" src=\"https:\/\/themastjournal.org\/wp-content\/uploads\/2025\/05\/the-mast-journal-boat-sm.png\" alt=\"The MAST Journal boat\" class=\"wp-image-776\"\/><\/figure>\n\n\n\n<p class=\"has-text-align-right\"><em>Imagen: Foto de Edgar Beltr\u00e1n<\/em><\/p>\n<div class=\"pdfprnt-buttons pdfprnt-buttons-post pdfprnt-bottom-right\"><a href=\"https:\/\/themastjournal.org\/es\/wp-json\/wp\/v2\/posts\/894?print=pdf\" class=\"pdfprnt-button pdfprnt-button-pdf\" target=\"_blank\" ><span class=\"pdfprnt-button-title pdfprnt-button-pdf-title\">Print or Save as PDF<\/span><\/a><\/div>","protected":false},"excerpt":{"rendered":"<p>El Papa Le\u00f3n XIV tiene muchos v\u00ednculos con la Misericordia a trav\u00e9s de su familia y sus ministerios.\u202f<\/p>\n","protected":false},"author":7,"featured_media":887,"comment_status":"open","ping_status":"open","sticky":false,"template":"","format":"standard","meta":{"_acf_changed":false,"_monsterinsights_skip_tracking":false,"_monsterinsights_sitenote_active":false,"_monsterinsights_sitenote_note":"","_monsterinsights_sitenote_category":0,"footnotes":""},"categories":[65,64,59],"tags":[],"ppma_author":[127],"class_list":["post-894","post","type-post","status-publish","format-standard","has-post-thumbnail","hentry","category-carisma-de-la-misericordia","category-en-las-noticias","category-fe-catolica","author-las-hermanas-de-la-misericordia"],"acf":[],"yoast_head":"<!-- This site is optimized with the Yoast SEO plugin v27.5 - https:\/\/yoast.com\/product\/yoast-seo-wordpress\/ -->\n<title>El Papa Le\u00f3n XIV y la Misericordia - The Mast Journal<\/title>\n<meta name=\"robots\" content=\"index, follow, max-snippet:-1, max-image-preview:large, max-video-preview:-1\" \/>\n<link rel=\"canonical\" href=\"https:\/\/themastjournal.org\/es\/el-papa-leon-xiv-y-la-misericordia\/\" \/>\n<meta property=\"og:locale\" content=\"es_ES\" \/>\n<meta property=\"og:type\" content=\"article\" \/>\n<meta property=\"og:title\" content=\"El Papa Le\u00f3n XIV y la Misericordia - The Mast Journal\" \/>\n<meta property=\"og:description\" content=\"El Papa Le\u00f3n XIV tiene muchos v\u00ednculos con la Misericordia a trav\u00e9s de su familia y sus ministerios.\u202f\" \/>\n<meta property=\"og:url\" content=\"https:\/\/themastjournal.org\/es\/el-papa-leon-xiv-y-la-misericordia\/\" \/>\n<meta property=\"og:site_name\" content=\"The Mast Journal\" \/>\n<meta property=\"article:published_time\" content=\"2025-05-13T22:56:49+00:00\" \/>\n<meta property=\"article:modified_time\" content=\"2025-05-22T18:39:00+00:00\" \/>\n<meta property=\"og:image\" content=\"https:\/\/themastjournal.org\/wp-content\/uploads\/2025\/05\/1080px-Pope_Leo_XIV_3-e1747853118765.png\" \/>\n\t<meta property=\"og:image:width\" content=\"986\" \/>\n\t<meta property=\"og:image:height\" content=\"542\" \/>\n\t<meta property=\"og:image:type\" content=\"image\/png\" \/>\n<meta name=\"author\" content=\"Las Hermanas de la Misericordia\" \/>\n<meta name=\"twitter:card\" content=\"summary_large_image\" \/>\n<meta name=\"twitter:label1\" content=\"Written by\" \/>\n\t<meta name=\"twitter:data1\" content=\"Mary C. Sullivan, RSM\" \/>\n\t<meta name=\"twitter:label2\" content=\"Est. reading time\" \/>\n\t<meta name=\"twitter:data2\" content=\"3 minutos\" \/>\n<script type=\"application\/ld+json\" class=\"yoast-schema-graph\">{\"@context\":\"https:\\\/\\\/schema.org\",\"@graph\":[{\"@type\":\"Article\",\"@id\":\"https:\\\/\\\/themastjournal.org\\\/es\\\/el-papa-leon-xiv-y-la-misericordia\\\/#article\",\"isPartOf\":{\"@id\":\"https:\\\/\\\/themastjournal.org\\\/es\\\/el-papa-leon-xiv-y-la-misericordia\\\/\"},\"author\":{\"name\":\"Mary C. Sullivan, RSM\",\"@id\":\"https:\\\/\\\/themastjournal.org\\\/es\\\/#\\\/schema\\\/person\\\/3fa059ef8dd0d7a9794323960e999350\"},\"headline\":\"El Papa Le\u00f3n XIV y la Misericordia\",\"datePublished\":\"2025-05-13T22:56:49+00:00\",\"dateModified\":\"2025-05-22T18:39:00+00:00\",\"mainEntityOfPage\":{\"@id\":\"https:\\\/\\\/themastjournal.org\\\/es\\\/el-papa-leon-xiv-y-la-misericordia\\\/\"},\"wordCount\":602,\"commentCount\":0,\"publisher\":{\"@id\":\"https:\\\/\\\/themastjournal.org\\\/es\\\/#organization\"},\"image\":{\"@id\":\"https:\\\/\\\/themastjournal.org\\\/es\\\/el-papa-leon-xiv-y-la-misericordia\\\/#primaryimage\"},\"thumbnailUrl\":\"https:\\\/\\\/themastjournal.org\\\/wp-content\\\/uploads\\\/2025\\\/05\\\/1080px-Pope_Leo_XIV_3-e1747853118765.png\",\"articleSection\":[\"Carisma de la Misericordia\",\"En las noticias\",\"Fe cat\u00f3lica\"],\"inLanguage\":\"es\",\"potentialAction\":[{\"@type\":\"CommentAction\",\"name\":\"Comment\",\"target\":[\"https:\\\/\\\/themastjournal.org\\\/es\\\/el-papa-leon-xiv-y-la-misericordia\\\/#respond\"]}]},{\"@type\":\"WebPage\",\"@id\":\"https:\\\/\\\/themastjournal.org\\\/es\\\/el-papa-leon-xiv-y-la-misericordia\\\/\",\"url\":\"https:\\\/\\\/themastjournal.org\\\/es\\\/el-papa-leon-xiv-y-la-misericordia\\\/\",\"name\":\"El Papa Le\u00f3n XIV y la Misericordia - The Mast Journal\",\"isPartOf\":{\"@id\":\"https:\\\/\\\/themastjournal.org\\\/es\\\/#website\"},\"primaryImageOfPage\":{\"@id\":\"https:\\\/\\\/themastjournal.org\\\/es\\\/el-papa-leon-xiv-y-la-misericordia\\\/#primaryimage\"},\"image\":{\"@id\":\"https:\\\/\\\/themastjournal.org\\\/es\\\/el-papa-leon-xiv-y-la-misericordia\\\/#primaryimage\"},\"thumbnailUrl\":\"https:\\\/\\\/themastjournal.org\\\/wp-content\\\/uploads\\\/2025\\\/05\\\/1080px-Pope_Leo_XIV_3-e1747853118765.png\",\"datePublished\":\"2025-05-13T22:56:49+00:00\",\"dateModified\":\"2025-05-22T18:39:00+00:00\",\"breadcrumb\":{\"@id\":\"https:\\\/\\\/themastjournal.org\\\/es\\\/el-papa-leon-xiv-y-la-misericordia\\\/#breadcrumb\"},\"inLanguage\":\"es\",\"potentialAction\":[{\"@type\":\"ReadAction\",\"target\":[\"https:\\\/\\\/themastjournal.org\\\/es\\\/el-papa-leon-xiv-y-la-misericordia\\\/\"]}]},{\"@type\":\"ImageObject\",\"inLanguage\":\"es\",\"@id\":\"https:\\\/\\\/themastjournal.org\\\/es\\\/el-papa-leon-xiv-y-la-misericordia\\\/#primaryimage\",\"url\":\"https:\\\/\\\/themastjournal.org\\\/wp-content\\\/uploads\\\/2025\\\/05\\\/1080px-Pope_Leo_XIV_3-e1747853118765.png\",\"contentUrl\":\"https:\\\/\\\/themastjournal.org\\\/wp-content\\\/uploads\\\/2025\\\/05\\\/1080px-Pope_Leo_XIV_3-e1747853118765.png\",\"width\":986,\"height\":542,\"caption\":\"Pope Leo XIV\"},{\"@type\":\"BreadcrumbList\",\"@id\":\"https:\\\/\\\/themastjournal.org\\\/es\\\/el-papa-leon-xiv-y-la-misericordia\\\/#breadcrumb\",\"itemListElement\":[{\"@type\":\"ListItem\",\"position\":1,\"name\":\"Home\",\"item\":\"https:\\\/\\\/themastjournal.org\\\/es\\\/\"},{\"@type\":\"ListItem\",\"position\":2,\"name\":\"El Papa Le\u00f3n XIV y la Misericordia\"}]},{\"@type\":\"WebSite\",\"@id\":\"https:\\\/\\\/themastjournal.org\\\/es\\\/#website\",\"url\":\"https:\\\/\\\/themastjournal.org\\\/es\\\/\",\"name\":\"The Mast Journal\",\"description\":\"A Sisters of Mercy publication\",\"publisher\":{\"@id\":\"https:\\\/\\\/themastjournal.org\\\/es\\\/#organization\"},\"potentialAction\":[{\"@type\":\"SearchAction\",\"target\":{\"@type\":\"EntryPoint\",\"urlTemplate\":\"https:\\\/\\\/themastjournal.org\\\/es\\\/?s={search_term_string}\"},\"query-input\":{\"@type\":\"PropertyValueSpecification\",\"valueRequired\":true,\"valueName\":\"search_term_string\"}}],\"inLanguage\":\"es\"},{\"@type\":\"Organization\",\"@id\":\"https:\\\/\\\/themastjournal.org\\\/es\\\/#organization\",\"name\":\"The Mast Journal\",\"url\":\"https:\\\/\\\/themastjournal.org\\\/es\\\/\",\"logo\":{\"@type\":\"ImageObject\",\"inLanguage\":\"es\",\"@id\":\"https:\\\/\\\/themastjournal.org\\\/es\\\/#\\\/schema\\\/logo\\\/image\\\/\",\"url\":\"https:\\\/\\\/themastjournal.org\\\/wp-content\\\/uploads\\\/2025\\\/03\\\/logo.png\",\"contentUrl\":\"https:\\\/\\\/themastjournal.org\\\/wp-content\\\/uploads\\\/2025\\\/03\\\/logo.png\",\"width\":450,\"height\":185,\"caption\":\"The Mast Journal\"},\"image\":{\"@id\":\"https:\\\/\\\/themastjournal.org\\\/es\\\/#\\\/schema\\\/logo\\\/image\\\/\"}},{\"@type\":\"Person\",\"@id\":\"https:\\\/\\\/themastjournal.org\\\/es\\\/#\\\/schema\\\/person\\\/3fa059ef8dd0d7a9794323960e999350\",\"name\":\"Mary C. Sullivan, RSM\",\"image\":{\"@type\":\"ImageObject\",\"inLanguage\":\"es\",\"@id\":\"https:\\\/\\\/themastjournal.org\\\/wp-content\\\/uploads\\\/2025\\\/04\\\/01_image_mary_sullivan_optimized.png0f486d96d882521ab3983dcd355ceae6\",\"url\":\"https:\\\/\\\/themastjournal.org\\\/wp-content\\\/uploads\\\/2025\\\/04\\\/01_image_mary_sullivan_optimized.png\",\"contentUrl\":\"https:\\\/\\\/themastjournal.org\\\/wp-content\\\/uploads\\\/2025\\\/04\\\/01_image_mary_sullivan_optimized.png\",\"caption\":\"Mary C. Sullivan, RSM\"},\"description\":\"Mary C. Sullivan, RSM, was a prolific writer about the life and mission of Catherine McAuley. She shared the Mercy story with thousands through her teaching, books, seminars and retreats all over the world.\",\"url\":\"https:\\\/\\\/themastjournal.org\\\/es\\\/author\\\/marysullivan\\\/\"}]}<\/script>\n<!-- \/ Yoast SEO plugin. -->","yoast_head_json":{"title":"El Papa Le\u00f3n XIV y la Misericordia - The Mast Journal","robots":{"index":"index","follow":"follow","max-snippet":"max-snippet:-1","max-image-preview":"max-image-preview:large","max-video-preview":"max-video-preview:-1"},"canonical":"https:\/\/themastjournal.org\/es\/el-papa-leon-xiv-y-la-misericordia\/","og_locale":"es_ES","og_type":"article","og_title":"El Papa Le\u00f3n XIV y la Misericordia - The Mast Journal","og_description":"El Papa Le\u00f3n XIV tiene muchos v\u00ednculos con la Misericordia a trav\u00e9s de su familia y sus ministerios.\u202f","og_url":"https:\/\/themastjournal.org\/es\/el-papa-leon-xiv-y-la-misericordia\/","og_site_name":"The Mast Journal","article_published_time":"2025-05-13T22:56:49+00:00","article_modified_time":"2025-05-22T18:39:00+00:00","og_image":[{"width":986,"height":542,"url":"https:\/\/themastjournal.org\/wp-content\/uploads\/2025\/05\/1080px-Pope_Leo_XIV_3-e1747853118765.png","type":"image\/png"}],"author":"Las Hermanas de la Misericordia","twitter_card":"summary_large_image","twitter_misc":{"Written by":"Mary C. Sullivan, RSM","Est. reading time":"3 minutos"},"schema":{"@context":"https:\/\/schema.org","@graph":[{"@type":"Article","@id":"https:\/\/themastjournal.org\/es\/el-papa-leon-xiv-y-la-misericordia\/#article","isPartOf":{"@id":"https:\/\/themastjournal.org\/es\/el-papa-leon-xiv-y-la-misericordia\/"},"author":{"name":"Mary C. Sullivan, RSM","@id":"https:\/\/themastjournal.org\/es\/#\/schema\/person\/3fa059ef8dd0d7a9794323960e999350"},"headline":"El Papa Le\u00f3n XIV y la Misericordia","datePublished":"2025-05-13T22:56:49+00:00","dateModified":"2025-05-22T18:39:00+00:00","mainEntityOfPage":{"@id":"https:\/\/themastjournal.org\/es\/el-papa-leon-xiv-y-la-misericordia\/"},"wordCount":602,"commentCount":0,"publisher":{"@id":"https:\/\/themastjournal.org\/es\/#organization"},"image":{"@id":"https:\/\/themastjournal.org\/es\/el-papa-leon-xiv-y-la-misericordia\/#primaryimage"},"thumbnailUrl":"https:\/\/themastjournal.org\/wp-content\/uploads\/2025\/05\/1080px-Pope_Leo_XIV_3-e1747853118765.png","articleSection":["Carisma de la Misericordia","En las noticias","Fe cat\u00f3lica"],"inLanguage":"es","potentialAction":[{"@type":"CommentAction","name":"Comment","target":["https:\/\/themastjournal.org\/es\/el-papa-leon-xiv-y-la-misericordia\/#respond"]}]},{"@type":"WebPage","@id":"https:\/\/themastjournal.org\/es\/el-papa-leon-xiv-y-la-misericordia\/","url":"https:\/\/themastjournal.org\/es\/el-papa-leon-xiv-y-la-misericordia\/","name":"El Papa Le\u00f3n XIV y la Misericordia - The Mast Journal","isPartOf":{"@id":"https:\/\/themastjournal.org\/es\/#website"},"primaryImageOfPage":{"@id":"https:\/\/themastjournal.org\/es\/el-papa-leon-xiv-y-la-misericordia\/#primaryimage"},"image":{"@id":"https:\/\/themastjournal.org\/es\/el-papa-leon-xiv-y-la-misericordia\/#primaryimage"},"thumbnailUrl":"https:\/\/themastjournal.org\/wp-content\/uploads\/2025\/05\/1080px-Pope_Leo_XIV_3-e1747853118765.png","datePublished":"2025-05-13T22:56:49+00:00","dateModified":"2025-05-22T18:39:00+00:00","breadcrumb":{"@id":"https:\/\/themastjournal.org\/es\/el-papa-leon-xiv-y-la-misericordia\/#breadcrumb"},"inLanguage":"es","potentialAction":[{"@type":"ReadAction","target":["https:\/\/themastjournal.org\/es\/el-papa-leon-xiv-y-la-misericordia\/"]}]},{"@type":"ImageObject","inLanguage":"es","@id":"https:\/\/themastjournal.org\/es\/el-papa-leon-xiv-y-la-misericordia\/#primaryimage","url":"https:\/\/themastjournal.org\/wp-content\/uploads\/2025\/05\/1080px-Pope_Leo_XIV_3-e1747853118765.png","contentUrl":"https:\/\/themastjournal.org\/wp-content\/uploads\/2025\/05\/1080px-Pope_Leo_XIV_3-e1747853118765.png","width":986,"height":542,"caption":"Pope Leo XIV"},{"@type":"BreadcrumbList","@id":"https:\/\/themastjournal.org\/es\/el-papa-leon-xiv-y-la-misericordia\/#breadcrumb","itemListElement":[{"@type":"ListItem","position":1,"name":"Home","item":"https:\/\/themastjournal.org\/es\/"},{"@type":"ListItem","position":2,"name":"El Papa Le\u00f3n XIV y la Misericordia"}]},{"@type":"WebSite","@id":"https:\/\/themastjournal.org\/es\/#website","url":"https:\/\/themastjournal.org\/es\/","name":"The Mast Journal","description":"A Sisters of Mercy publication","publisher":{"@id":"https:\/\/themastjournal.org\/es\/#organization"},"potentialAction":[{"@type":"SearchAction","target":{"@type":"EntryPoint","urlTemplate":"https:\/\/themastjournal.org\/es\/?s={search_term_string}"},"query-input":{"@type":"PropertyValueSpecification","valueRequired":true,"valueName":"search_term_string"}}],"inLanguage":"es"},{"@type":"Organization","@id":"https:\/\/themastjournal.org\/es\/#organization","name":"The Mast Journal","url":"https:\/\/themastjournal.org\/es\/","logo":{"@type":"ImageObject","inLanguage":"es","@id":"https:\/\/themastjournal.org\/es\/#\/schema\/logo\/image\/","url":"https:\/\/themastjournal.org\/wp-content\/uploads\/2025\/03\/logo.png","contentUrl":"https:\/\/themastjournal.org\/wp-content\/uploads\/2025\/03\/logo.png","width":450,"height":185,"caption":"The Mast Journal"},"image":{"@id":"https:\/\/themastjournal.org\/es\/#\/schema\/logo\/image\/"}},{"@type":"Person","@id":"https:\/\/themastjournal.org\/es\/#\/schema\/person\/3fa059ef8dd0d7a9794323960e999350","name":"Mary C. Sullivan, RSM","image":{"@type":"ImageObject","inLanguage":"es","@id":"https:\/\/themastjournal.org\/wp-content\/uploads\/2025\/04\/01_image_mary_sullivan_optimized.png0f486d96d882521ab3983dcd355ceae6","url":"https:\/\/themastjournal.org\/wp-content\/uploads\/2025\/04\/01_image_mary_sullivan_optimized.png","contentUrl":"https:\/\/themastjournal.org\/wp-content\/uploads\/2025\/04\/01_image_mary_sullivan_optimized.png","caption":"Mary C. Sullivan, RSM"},"description":"Mary C. Sullivan, RSM, was a prolific writer about the life and mission of Catherine McAuley. She shared the Mercy story with thousands through her teaching, books, seminars and retreats all over the world.","url":"https:\/\/themastjournal.org\/es\/author\/marysullivan\/"}]}},"authors":[{"term_id":127,"user_id":0,"is_guest":1,"slug":"las-hermanas-de-la-misericordia","display_name":"Las Hermanas de la Misericordia","avatar_url":{"url":"https:\/\/themastjournal.org\/wp-content\/uploads\/2025\/05\/mercy-closeup-logo.jpeg","url2x":"https:\/\/themastjournal.org\/wp-content\/uploads\/2025\/05\/mercy-closeup-logo.jpeg"},"author_category":"1","first_name":"","last_name":"","user_url":"","job_title":"","description":"Nosotras Hermanas de la Misericordia somos una comunidad internacional de mujeres cat\u00f3licas romanas que dedicamos nuestras vidas al Evangelio de Jes\u00fas y hacemos votos de pobreza, castidad, obediencia y servicio. Inspiradas por la vida de Jes\u00fas y por nuestra fundadora Catalina McAuley, las Hermanas de la Misericordia promovemos un mundo justo que respete los derechos de la gente empobrecida, enferma y falta de una educaci\u00f3n.\u00a0Comprometemos nuestras vidas a Dios y nuestros recursos para servir, abogar y orar por los necesitados alrededor del mundo."}],"_links":{"self":[{"href":"https:\/\/themastjournal.org\/es\/wp-json\/wp\/v2\/posts\/894","targetHints":{"allow":["GET"]}}],"collection":[{"href":"https:\/\/themastjournal.org\/es\/wp-json\/wp\/v2\/posts"}],"about":[{"href":"https:\/\/themastjournal.org\/es\/wp-json\/wp\/v2\/types\/post"}],"author":[{"embeddable":true,"href":"https:\/\/themastjournal.org\/es\/wp-json\/wp\/v2\/users\/7"}],"replies":[{"embeddable":true,"href":"https:\/\/themastjournal.org\/es\/wp-json\/wp\/v2\/comments?post=894"}],"version-history":[{"count":0,"href":"https:\/\/themastjournal.org\/es\/wp-json\/wp\/v2\/posts\/894\/revisions"}],"wp:featuredmedia":[{"embeddable":true,"href":"https:\/\/themastjournal.org\/es\/wp-json\/wp\/v2\/media\/887"}],"wp:attachment":[{"href":"https:\/\/themastjournal.org\/es\/wp-json\/wp\/v2\/media?parent=894"}],"wp:term":[{"taxonomy":"category","embeddable":true,"href":"https:\/\/themastjournal.org\/es\/wp-json\/wp\/v2\/categories?post=894"},{"taxonomy":"post_tag","embeddable":true,"href":"https:\/\/themastjournal.org\/es\/wp-json\/wp\/v2\/tags?post=894"},{"taxonomy":"author","embeddable":true,"href":"https:\/\/themastjournal.org\/es\/wp-json\/wp\/v2\/ppma_author?post=894"}],"curies":[{"name":"wp","href":"https:\/\/api.w.org\/{rel}","templated":true}]}}