{"id":549,"date":"2025-04-17T15:14:37","date_gmt":"2025-04-17T19:14:37","guid":{"rendered":"https:\/\/themastjournal.org\/our-lady-of-sorrows-a-cradle-for-cumulative-sorrows-unspoken-and-untamed\/"},"modified":"2025-05-22T14:46:36","modified_gmt":"2025-05-22T18:46:36","slug":"nuestra-senora-de-los-dolores-cuna-de-dolores-acumulados-no-dichos-y-no-domados","status":"publish","type":"post","link":"https:\/\/themastjournal.org\/es\/nuestra-senora-de-los-dolores-cuna-de-dolores-acumulados-no-dichos-y-no-domados\/","title":{"rendered":"Nuestra Se\u00f1ora de los Dolores: Cuna de dolores acumulados, no dichos y no domados"},"content":{"rendered":"\n<p>\u00bfQu\u00e9 notas en la imagen de&nbsp;<a href=\"https:\/\/bible.usccb.org\/es\/bible\/lecturas\/091520.cfm\" target=\"_blank\" rel=\"noreferrer noopener\">Nuestra Se\u00f1ora de los Dolores<\/a>? Piensa un momento, \u00bfqu\u00e9 es aquello que llama tu atenci\u00f3n?<\/p>\n\n\n\n<p>A m\u00ed, en primer lugar, su entrecejo contra\u00eddo. Me han dicho que yo frunzo el ce\u00f1o y que sin quererlo revelo confusi\u00f3n, ira o tristeza cuando arrugo mi frente. Mi rostro muestra lo que mi coraz\u00f3n siente antes de que mis palabras se hayan formado en mi boca. Nuestra Se\u00f1ora de los Dolores se asoma profundamente a los corazones y reconoce el dolor que all\u00ed se alberga. Sus ojos manifiestan que ella comparte la congoja causada por el racismo, el sufrimiento que produce la misoginia, la miseria que resulta del nacionalismo y la angustia causada por la codicia que ha empobrecido a la Creaci\u00f3n. Por momentos, son mis propios y oscuros \u00abismos\u00bb y ego\u00edsmos los que rompen mi coraz\u00f3n. Pero Ella tambi\u00e9n los tolera. A veces, no tengo palabras. Sus ojos susurran la tristeza que soy incapaz de expresar.<\/p>\n\n\n\n<p>En algunas im\u00e1genes devocionales Mar\u00eda lleva una corona. En esta versi\u00f3n, Mar\u00eda luce la belleza y la sabidur\u00eda que dan los a\u00f1os. Su cabello entrecano, cubierto por un manto de invierno, me recuerda que el dolor es acumulativo. En su conmovedor poema,&nbsp;<em>Wondrous<\/em>(Maravilloso), Sarah Freligh describe la \u00abtriste matem\u00e1tica\u00bb de la p\u00e9rdida, \u00abc\u00f3mo cada resta es exponencial, c\u00f3mo cada dolor \/ multiplica al que le precede\u00bb. Esta es una verdad profunda. No envejecemos sin ser heridos. Cada \u00e9poca encierra un nuevo dolor que se construye sobre el anterior. Nuestra Se\u00f1ora puede comprender nuestro dolor porque sabe lo que es haber amado y perdido, conoce el verdadero dolor inherente a una vida larga y plenamente vivida.<\/p>\n\n\n\n<p>Mientras estoy con Nuestra Se\u00f1ora, me detengo a mirar sus manos, delicadas y gentiles. Estas palabras pueden sugerir algunas veces una imagen de debilidad, pero el permanecer afable al tiempo que fuerte para soportar la pena es un milagro del esp\u00edritu humano. En su novela&nbsp;<em>El libro de los anhelos,<\/em>&nbsp;Sue Monk Kidd atribuye estas palabras a Mar\u00eda, madre de Jes\u00fas: \u00abSiempre es una maravilla cuando el dolor propio no se convierte en amargura, sino que en su lugar produce bondad\u00bb. Con su mano izquierda, Nuestra Se\u00f1ora recoge para s\u00ed misma el dolor del mundo, mientras su mano derecha todav\u00eda abierta, permanece extendida. En ese espacio, envuelve con su amplio manto el sufrimiento y la p\u00e9rdida de nuestra existencia, la pandemia de nuestra generaci\u00f3n. Ella reconoce el dolor de nuestros corazones en el suyo y nos acuna all\u00ed, a cada uno de nosotros y a todos juntos, aunque distantes.<\/p>\n\n\n\n<p>El&nbsp;<em>Kontakion,<\/em>&nbsp;himno con el que nuestros hermanos y hermanas Ortodoxos honran su festividad en el mes de febrero, dice: \u00ab\u00a1Regoc\u00edjate, afligida Madre de Dios, convierte nuestras penas en alegr\u00edas y ablanda los corazones de los hombres perversos!\u00bb. En esto hay una resonancia con nuestra propia tradici\u00f3n. Bien conocemos la adorable frase que Catalina escribi\u00f3 en 1841 a Frances Warde, justo seis meses antes de su propia muerte: \u00abEste es tu camino, mezcla de alegr\u00edas y penas, una tras otra\u00bb<a href=\"https:\/\/sistersofmercy.org\/es\/dolores-nuestra-senora-refugio-muliples-callados-cerriles\/#_ftn1\">[1]<\/a>. <\/p>\n\n\n\n<p>Pero es la reflexi\u00f3n que hacen Joanna Regan e Isabelle Keiss la que ahora resuena en nosotras: \u00abLa visi\u00f3n espiritual de Catalina no culpa a la mediaci\u00f3n humana por el dolor, los sufrimientos o las privaciones que entraron en su vida. [\u2026] De cualquier manera, amar [a Dios] fue acoger el momento doloroso, dif\u00edcil, penoso o pesaroso\u00bb<a href=\"https:\/\/sistersofmercy.org\/es\/dolores-nuestra-senora-refugio-muliples-callados-cerriles\/#_ftn2\">[2]<\/a>.<\/p>\n\n\n\n<p>Nuestra Se\u00f1ora y Catalina, las dos, nos invitan a compartir un momento con las penas y darles la bienvenida. No tenemos que intentar domesticarlas. No tenemos que apresurarnos a ocuparnos en algo ni a aferrarnos a la felicidad. \u00bfQu\u00e9 nueva y preciosa misericordia puede nacer cuando moramos en compa\u00f1\u00eda de Catalina y de Nuestra Se\u00f1ora de los Dolores?<\/p>\n\n\n\n<h3 class=\"wp-block-heading\"><strong>Notas<\/strong><\/h3>\n\n\n\n<p><a href=\"https:\/\/sistersofmercy.org\/es\/dolores-nuestra-senora-refugio-muliples-callados-cerriles\/#_ftnref1\">[1]<\/a><strong>&nbsp;<\/strong>Catherine McAuley to Frances Warde, May 28, 1841, in&nbsp;<em>The Correspondence of Catherine McAuley<\/em>&nbsp;ed. Mary C. Sullivan (Baltimore, MD: Catholic University Press, 2004), 401.<\/p>\n\n\n\n<p><a href=\"https:\/\/sistersofmercy.org\/es\/dolores-nuestra-senora-refugio-muliples-callados-cerriles\/#_ftnref2\">[2]<\/a><strong>&nbsp;<\/strong>M. Joanna Regan, RSM, and Isabelle Keiss, RSM,&nbsp;<em>Tierna Audacia: Una Reflexi\u00f3n sobre la Vida y el Esp\u00edritu de Catalina McAuley, Primera Hermana de la Misericordia&nbsp;<\/em>(Chicago, IL: Franciscan Herald Press, 1988), 121.<\/p>\n\n\n\n<figure class=\"wp-block-image aligncenter size-full\"><img decoding=\"async\" width=\"57\" height=\"57\" src=\"https:\/\/themastjournal.org\/wp-content\/uploads\/2025\/05\/the-mast-journal-boat-sm.png\" alt=\"The MAST Journal boat\" class=\"wp-image-776\"\/><\/figure>\n\n\n\n<p class=\"has-text-align-right\"><em>Imagen: Icono creado por la Hermana Mary Hope Sanchez, RSM<\/em><br><em><a href=\"https:\/\/www.sistersofmercy.org\/es\/dolor-presente-tiempo-nuestra-senora\/\">Haga clic aqu\u00ed para leer m\u00e1s sobre el icono<\/a>.<\/em><\/p>\n\n\n\n<p class=\"has-pale-cyan-blue-background-color has-background\">Publicado originalmente por las Hermanas de la Misericordia en sistersofmercy.org el 14 de septiembre de 2020.<\/p>\n\n\n\n<p><\/p>\n<div class=\"pdfprnt-buttons pdfprnt-buttons-post pdfprnt-bottom-right\"><a href=\"https:\/\/themastjournal.org\/es\/wp-json\/wp\/v2\/posts\/549?print=pdf\" class=\"pdfprnt-button pdfprnt-button-pdf\" target=\"_blank\" ><span class=\"pdfprnt-button-title pdfprnt-button-pdf-title\">Print or Save as PDF<\/span><\/a><\/div>","protected":false},"excerpt":{"rendered":"<p>\u00bfQu\u00e9 notas en la imagen de\u00a0Nuestra Se\u00f1ora de los Dolores? Piensa un momento, \u00bfqu\u00e9 es aquello que llama tu atenci\u00f3n? A m\u00ed, en primer lugar, su entrecejo contra\u00eddo.<\/p>\n","protected":false},"author":24,"featured_media":541,"comment_status":"open","ping_status":"open","sticky":false,"template":"","format":"standard","meta":{"_acf_changed":false,"_monsterinsights_skip_tracking":false,"_monsterinsights_sitenote_active":false,"_monsterinsights_sitenote_note":"","_monsterinsights_sitenote_category":0,"footnotes":""},"categories":[60,79],"tags":[],"ppma_author":[122,122],"class_list":["post-549","post","type-post","status-publish","format-standard","has-post-thumbnail","hentry","category-artes-creativas","category-santos-y-personas-santas-es","author-danielle-gagnon-es"],"acf":[],"yoast_head":"<!-- This site is optimized with the Yoast SEO plugin v27.5 - https:\/\/yoast.com\/product\/yoast-seo-wordpress\/ -->\n<title>Nuestra Se\u00f1ora de los Dolores: Cuna de dolores acumulados, no dichos y no domados - The Mast Journal<\/title>\n<meta name=\"robots\" content=\"index, follow, max-snippet:-1, max-image-preview:large, max-video-preview:-1\" \/>\n<link rel=\"canonical\" href=\"https:\/\/themastjournal.org\/es\/nuestra-senora-de-los-dolores-cuna-de-dolores-acumulados-no-dichos-y-no-domados\/\" \/>\n<meta property=\"og:locale\" content=\"es_ES\" \/>\n<meta property=\"og:type\" content=\"article\" \/>\n<meta property=\"og:title\" content=\"Nuestra Se\u00f1ora de los Dolores: Cuna de dolores acumulados, no dichos y no domados - The Mast Journal\" \/>\n<meta property=\"og:description\" content=\"\u00bfQu\u00e9 notas en la imagen de\u00a0Nuestra Se\u00f1ora de los Dolores? Piensa un momento, \u00bfqu\u00e9 es aquello que llama tu atenci\u00f3n? A m\u00ed, en primer lugar, su entrecejo contra\u00eddo.\" \/>\n<meta property=\"og:url\" content=\"https:\/\/themastjournal.org\/es\/nuestra-senora-de-los-dolores-cuna-de-dolores-acumulados-no-dichos-y-no-domados\/\" \/>\n<meta property=\"og:site_name\" content=\"The Mast Journal\" \/>\n<meta property=\"article:published_time\" content=\"2025-04-17T19:14:37+00:00\" \/>\n<meta property=\"article:modified_time\" content=\"2025-05-22T18:46:36+00:00\" \/>\n<meta property=\"og:image\" content=\"https:\/\/themastjournal.org\/wp-content\/uploads\/2024\/05\/our-lady-of-sorrows.jpg\" \/>\n\t<meta property=\"og:image:width\" content=\"639\" \/>\n\t<meta property=\"og:image:height\" content=\"800\" \/>\n\t<meta property=\"og:image:type\" content=\"image\/jpeg\" \/>\n<meta name=\"author\" content=\"Danielle Gagnon, RSM, Danielle Gagnon, RSM\" \/>\n<meta name=\"twitter:card\" content=\"summary_large_image\" \/>\n<meta name=\"twitter:label1\" content=\"Written by\" \/>\n\t<meta name=\"twitter:data1\" content=\"Danielle Gagnon, RSM\" \/>\n\t<meta name=\"twitter:label2\" content=\"Est. reading time\" \/>\n\t<meta name=\"twitter:data2\" content=\"4 minutos\" \/>\n<script type=\"application\/ld+json\" class=\"yoast-schema-graph\">{\"@context\":\"https:\\\/\\\/schema.org\",\"@graph\":[{\"@type\":\"Article\",\"@id\":\"https:\\\/\\\/themastjournal.org\\\/es\\\/nuestra-senora-de-los-dolores-cuna-de-dolores-acumulados-no-dichos-y-no-domados\\\/#article\",\"isPartOf\":{\"@id\":\"https:\\\/\\\/themastjournal.org\\\/es\\\/nuestra-senora-de-los-dolores-cuna-de-dolores-acumulados-no-dichos-y-no-domados\\\/\"},\"author\":{\"name\":\"Danielle Gagnon, RSM\",\"@id\":\"https:\\\/\\\/themastjournal.org\\\/es\\\/#\\\/schema\\\/person\\\/bf68b68f7d3d22629915bc8dda12fba7\"},\"headline\":\"Nuestra Se\u00f1ora de los Dolores: Cuna de dolores acumulados, no dichos y no domados\",\"datePublished\":\"2025-04-17T19:14:37+00:00\",\"dateModified\":\"2025-05-22T18:46:36+00:00\",\"mainEntityOfPage\":{\"@id\":\"https:\\\/\\\/themastjournal.org\\\/es\\\/nuestra-senora-de-los-dolores-cuna-de-dolores-acumulados-no-dichos-y-no-domados\\\/\"},\"wordCount\":775,\"commentCount\":0,\"publisher\":{\"@id\":\"https:\\\/\\\/themastjournal.org\\\/es\\\/#organization\"},\"image\":{\"@id\":\"https:\\\/\\\/themastjournal.org\\\/es\\\/nuestra-senora-de-los-dolores-cuna-de-dolores-acumulados-no-dichos-y-no-domados\\\/#primaryimage\"},\"thumbnailUrl\":\"https:\\\/\\\/themastjournal.org\\\/wp-content\\\/uploads\\\/2024\\\/05\\\/our-lady-of-sorrows.jpg\",\"articleSection\":[\"Artes creativas\",\"Santos y personas santas\"],\"inLanguage\":\"es\",\"potentialAction\":[{\"@type\":\"CommentAction\",\"name\":\"Comment\",\"target\":[\"https:\\\/\\\/themastjournal.org\\\/es\\\/nuestra-senora-de-los-dolores-cuna-de-dolores-acumulados-no-dichos-y-no-domados\\\/#respond\"]}]},{\"@type\":\"WebPage\",\"@id\":\"https:\\\/\\\/themastjournal.org\\\/es\\\/nuestra-senora-de-los-dolores-cuna-de-dolores-acumulados-no-dichos-y-no-domados\\\/\",\"url\":\"https:\\\/\\\/themastjournal.org\\\/es\\\/nuestra-senora-de-los-dolores-cuna-de-dolores-acumulados-no-dichos-y-no-domados\\\/\",\"name\":\"Nuestra Se\u00f1ora de los Dolores: Cuna de dolores acumulados, no dichos y no domados - The Mast Journal\",\"isPartOf\":{\"@id\":\"https:\\\/\\\/themastjournal.org\\\/es\\\/#website\"},\"primaryImageOfPage\":{\"@id\":\"https:\\\/\\\/themastjournal.org\\\/es\\\/nuestra-senora-de-los-dolores-cuna-de-dolores-acumulados-no-dichos-y-no-domados\\\/#primaryimage\"},\"image\":{\"@id\":\"https:\\\/\\\/themastjournal.org\\\/es\\\/nuestra-senora-de-los-dolores-cuna-de-dolores-acumulados-no-dichos-y-no-domados\\\/#primaryimage\"},\"thumbnailUrl\":\"https:\\\/\\\/themastjournal.org\\\/wp-content\\\/uploads\\\/2024\\\/05\\\/our-lady-of-sorrows.jpg\",\"datePublished\":\"2025-04-17T19:14:37+00:00\",\"dateModified\":\"2025-05-22T18:46:36+00:00\",\"breadcrumb\":{\"@id\":\"https:\\\/\\\/themastjournal.org\\\/es\\\/nuestra-senora-de-los-dolores-cuna-de-dolores-acumulados-no-dichos-y-no-domados\\\/#breadcrumb\"},\"inLanguage\":\"es\",\"potentialAction\":[{\"@type\":\"ReadAction\",\"target\":[\"https:\\\/\\\/themastjournal.org\\\/es\\\/nuestra-senora-de-los-dolores-cuna-de-dolores-acumulados-no-dichos-y-no-domados\\\/\"]}]},{\"@type\":\"ImageObject\",\"inLanguage\":\"es\",\"@id\":\"https:\\\/\\\/themastjournal.org\\\/es\\\/nuestra-senora-de-los-dolores-cuna-de-dolores-acumulados-no-dichos-y-no-domados\\\/#primaryimage\",\"url\":\"https:\\\/\\\/themastjournal.org\\\/wp-content\\\/uploads\\\/2024\\\/05\\\/our-lady-of-sorrows.jpg\",\"contentUrl\":\"https:\\\/\\\/themastjournal.org\\\/wp-content\\\/uploads\\\/2024\\\/05\\\/our-lady-of-sorrows.jpg\",\"width\":639,\"height\":800},{\"@type\":\"BreadcrumbList\",\"@id\":\"https:\\\/\\\/themastjournal.org\\\/es\\\/nuestra-senora-de-los-dolores-cuna-de-dolores-acumulados-no-dichos-y-no-domados\\\/#breadcrumb\",\"itemListElement\":[{\"@type\":\"ListItem\",\"position\":1,\"name\":\"Home\",\"item\":\"https:\\\/\\\/themastjournal.org\\\/es\\\/\"},{\"@type\":\"ListItem\",\"position\":2,\"name\":\"Nuestra Se\u00f1ora de los Dolores: Cuna de dolores acumulados, no dichos y no domados\"}]},{\"@type\":\"WebSite\",\"@id\":\"https:\\\/\\\/themastjournal.org\\\/es\\\/#website\",\"url\":\"https:\\\/\\\/themastjournal.org\\\/es\\\/\",\"name\":\"The Mast Journal\",\"description\":\"A Sisters of Mercy publication\",\"publisher\":{\"@id\":\"https:\\\/\\\/themastjournal.org\\\/es\\\/#organization\"},\"potentialAction\":[{\"@type\":\"SearchAction\",\"target\":{\"@type\":\"EntryPoint\",\"urlTemplate\":\"https:\\\/\\\/themastjournal.org\\\/es\\\/?s={search_term_string}\"},\"query-input\":{\"@type\":\"PropertyValueSpecification\",\"valueRequired\":true,\"valueName\":\"search_term_string\"}}],\"inLanguage\":\"es\"},{\"@type\":\"Organization\",\"@id\":\"https:\\\/\\\/themastjournal.org\\\/es\\\/#organization\",\"name\":\"The Mast Journal\",\"url\":\"https:\\\/\\\/themastjournal.org\\\/es\\\/\",\"logo\":{\"@type\":\"ImageObject\",\"inLanguage\":\"es\",\"@id\":\"https:\\\/\\\/themastjournal.org\\\/es\\\/#\\\/schema\\\/logo\\\/image\\\/\",\"url\":\"https:\\\/\\\/themastjournal.org\\\/wp-content\\\/uploads\\\/2025\\\/03\\\/logo.png\",\"contentUrl\":\"https:\\\/\\\/themastjournal.org\\\/wp-content\\\/uploads\\\/2025\\\/03\\\/logo.png\",\"width\":450,\"height\":185,\"caption\":\"The Mast Journal\"},\"image\":{\"@id\":\"https:\\\/\\\/themastjournal.org\\\/es\\\/#\\\/schema\\\/logo\\\/image\\\/\"}},{\"@type\":\"Person\",\"@id\":\"https:\\\/\\\/themastjournal.org\\\/es\\\/#\\\/schema\\\/person\\\/bf68b68f7d3d22629915bc8dda12fba7\",\"name\":\"Danielle Gagnon, RSM\",\"image\":{\"@type\":\"ImageObject\",\"inLanguage\":\"es\",\"@id\":\"https:\\\/\\\/themastjournal.org\\\/wp-content\\\/uploads\\\/2025\\\/05\\\/gagnon-danielle.jpg95d9c1d73f1b549a3fbd9df05f3e3592\",\"url\":\"https:\\\/\\\/themastjournal.org\\\/wp-content\\\/uploads\\\/2025\\\/05\\\/gagnon-danielle.jpg\",\"contentUrl\":\"https:\\\/\\\/themastjournal.org\\\/wp-content\\\/uploads\\\/2025\\\/05\\\/gagnon-danielle.jpg\",\"caption\":\"Danielle Gagnon, RSM\"},\"description\":\"Danielle Gagnon is Director of Mission and Ministry at Merion Mercy Academy in Pennsylvania. She holds an MA in Christian Spirituality from Fordham University in New York, and a certificate in Spiritual Guidance from the Shalem Institute for Spiritual Formation in Washington, DC. She previously served as Director of Campus Ministry at Merion Mercy Academy and as a Spiritual Director at Cranaleith Spiritual Center in Philadelphia, PA. Prior to her studies in the areas of spirituality and spiritual guidance, she spent fourteen years in Institutional Advancement positions such as the Director of Development at Hope Partnership for Education, Director of Parent Programs at Malvern Preparatory School, and Associate Director of Development at Medicines for Humanity.\",\"url\":\"https:\\\/\\\/themastjournal.org\\\/es\\\/author\\\/daniellegagnon\\\/\"}]}<\/script>\n<!-- \/ Yoast SEO plugin. -->","yoast_head_json":{"title":"Nuestra Se\u00f1ora de los Dolores: Cuna de dolores acumulados, no dichos y no domados - The Mast Journal","robots":{"index":"index","follow":"follow","max-snippet":"max-snippet:-1","max-image-preview":"max-image-preview:large","max-video-preview":"max-video-preview:-1"},"canonical":"https:\/\/themastjournal.org\/es\/nuestra-senora-de-los-dolores-cuna-de-dolores-acumulados-no-dichos-y-no-domados\/","og_locale":"es_ES","og_type":"article","og_title":"Nuestra Se\u00f1ora de los Dolores: Cuna de dolores acumulados, no dichos y no domados - The Mast Journal","og_description":"\u00bfQu\u00e9 notas en la imagen de\u00a0Nuestra Se\u00f1ora de los Dolores? Piensa un momento, \u00bfqu\u00e9 es aquello que llama tu atenci\u00f3n? A m\u00ed, en primer lugar, su entrecejo contra\u00eddo.","og_url":"https:\/\/themastjournal.org\/es\/nuestra-senora-de-los-dolores-cuna-de-dolores-acumulados-no-dichos-y-no-domados\/","og_site_name":"The Mast Journal","article_published_time":"2025-04-17T19:14:37+00:00","article_modified_time":"2025-05-22T18:46:36+00:00","og_image":[{"width":639,"height":800,"url":"https:\/\/themastjournal.org\/wp-content\/uploads\/2024\/05\/our-lady-of-sorrows.jpg","type":"image\/jpeg"}],"author":"Danielle Gagnon, RSM, Danielle Gagnon, RSM","twitter_card":"summary_large_image","twitter_misc":{"Written by":"Danielle Gagnon, RSM","Est. reading time":"4 minutos"},"schema":{"@context":"https:\/\/schema.org","@graph":[{"@type":"Article","@id":"https:\/\/themastjournal.org\/es\/nuestra-senora-de-los-dolores-cuna-de-dolores-acumulados-no-dichos-y-no-domados\/#article","isPartOf":{"@id":"https:\/\/themastjournal.org\/es\/nuestra-senora-de-los-dolores-cuna-de-dolores-acumulados-no-dichos-y-no-domados\/"},"author":{"name":"Danielle Gagnon, RSM","@id":"https:\/\/themastjournal.org\/es\/#\/schema\/person\/bf68b68f7d3d22629915bc8dda12fba7"},"headline":"Nuestra Se\u00f1ora de los Dolores: Cuna de dolores acumulados, no dichos y no domados","datePublished":"2025-04-17T19:14:37+00:00","dateModified":"2025-05-22T18:46:36+00:00","mainEntityOfPage":{"@id":"https:\/\/themastjournal.org\/es\/nuestra-senora-de-los-dolores-cuna-de-dolores-acumulados-no-dichos-y-no-domados\/"},"wordCount":775,"commentCount":0,"publisher":{"@id":"https:\/\/themastjournal.org\/es\/#organization"},"image":{"@id":"https:\/\/themastjournal.org\/es\/nuestra-senora-de-los-dolores-cuna-de-dolores-acumulados-no-dichos-y-no-domados\/#primaryimage"},"thumbnailUrl":"https:\/\/themastjournal.org\/wp-content\/uploads\/2024\/05\/our-lady-of-sorrows.jpg","articleSection":["Artes creativas","Santos y personas santas"],"inLanguage":"es","potentialAction":[{"@type":"CommentAction","name":"Comment","target":["https:\/\/themastjournal.org\/es\/nuestra-senora-de-los-dolores-cuna-de-dolores-acumulados-no-dichos-y-no-domados\/#respond"]}]},{"@type":"WebPage","@id":"https:\/\/themastjournal.org\/es\/nuestra-senora-de-los-dolores-cuna-de-dolores-acumulados-no-dichos-y-no-domados\/","url":"https:\/\/themastjournal.org\/es\/nuestra-senora-de-los-dolores-cuna-de-dolores-acumulados-no-dichos-y-no-domados\/","name":"Nuestra Se\u00f1ora de los Dolores: Cuna de dolores acumulados, no dichos y no domados - The Mast Journal","isPartOf":{"@id":"https:\/\/themastjournal.org\/es\/#website"},"primaryImageOfPage":{"@id":"https:\/\/themastjournal.org\/es\/nuestra-senora-de-los-dolores-cuna-de-dolores-acumulados-no-dichos-y-no-domados\/#primaryimage"},"image":{"@id":"https:\/\/themastjournal.org\/es\/nuestra-senora-de-los-dolores-cuna-de-dolores-acumulados-no-dichos-y-no-domados\/#primaryimage"},"thumbnailUrl":"https:\/\/themastjournal.org\/wp-content\/uploads\/2024\/05\/our-lady-of-sorrows.jpg","datePublished":"2025-04-17T19:14:37+00:00","dateModified":"2025-05-22T18:46:36+00:00","breadcrumb":{"@id":"https:\/\/themastjournal.org\/es\/nuestra-senora-de-los-dolores-cuna-de-dolores-acumulados-no-dichos-y-no-domados\/#breadcrumb"},"inLanguage":"es","potentialAction":[{"@type":"ReadAction","target":["https:\/\/themastjournal.org\/es\/nuestra-senora-de-los-dolores-cuna-de-dolores-acumulados-no-dichos-y-no-domados\/"]}]},{"@type":"ImageObject","inLanguage":"es","@id":"https:\/\/themastjournal.org\/es\/nuestra-senora-de-los-dolores-cuna-de-dolores-acumulados-no-dichos-y-no-domados\/#primaryimage","url":"https:\/\/themastjournal.org\/wp-content\/uploads\/2024\/05\/our-lady-of-sorrows.jpg","contentUrl":"https:\/\/themastjournal.org\/wp-content\/uploads\/2024\/05\/our-lady-of-sorrows.jpg","width":639,"height":800},{"@type":"BreadcrumbList","@id":"https:\/\/themastjournal.org\/es\/nuestra-senora-de-los-dolores-cuna-de-dolores-acumulados-no-dichos-y-no-domados\/#breadcrumb","itemListElement":[{"@type":"ListItem","position":1,"name":"Home","item":"https:\/\/themastjournal.org\/es\/"},{"@type":"ListItem","position":2,"name":"Nuestra Se\u00f1ora de los Dolores: Cuna de dolores acumulados, no dichos y no domados"}]},{"@type":"WebSite","@id":"https:\/\/themastjournal.org\/es\/#website","url":"https:\/\/themastjournal.org\/es\/","name":"The Mast Journal","description":"A Sisters of Mercy publication","publisher":{"@id":"https:\/\/themastjournal.org\/es\/#organization"},"potentialAction":[{"@type":"SearchAction","target":{"@type":"EntryPoint","urlTemplate":"https:\/\/themastjournal.org\/es\/?s={search_term_string}"},"query-input":{"@type":"PropertyValueSpecification","valueRequired":true,"valueName":"search_term_string"}}],"inLanguage":"es"},{"@type":"Organization","@id":"https:\/\/themastjournal.org\/es\/#organization","name":"The Mast Journal","url":"https:\/\/themastjournal.org\/es\/","logo":{"@type":"ImageObject","inLanguage":"es","@id":"https:\/\/themastjournal.org\/es\/#\/schema\/logo\/image\/","url":"https:\/\/themastjournal.org\/wp-content\/uploads\/2025\/03\/logo.png","contentUrl":"https:\/\/themastjournal.org\/wp-content\/uploads\/2025\/03\/logo.png","width":450,"height":185,"caption":"The Mast Journal"},"image":{"@id":"https:\/\/themastjournal.org\/es\/#\/schema\/logo\/image\/"}},{"@type":"Person","@id":"https:\/\/themastjournal.org\/es\/#\/schema\/person\/bf68b68f7d3d22629915bc8dda12fba7","name":"Danielle Gagnon, RSM","image":{"@type":"ImageObject","inLanguage":"es","@id":"https:\/\/themastjournal.org\/wp-content\/uploads\/2025\/05\/gagnon-danielle.jpg95d9c1d73f1b549a3fbd9df05f3e3592","url":"https:\/\/themastjournal.org\/wp-content\/uploads\/2025\/05\/gagnon-danielle.jpg","contentUrl":"https:\/\/themastjournal.org\/wp-content\/uploads\/2025\/05\/gagnon-danielle.jpg","caption":"Danielle Gagnon, RSM"},"description":"Danielle Gagnon is Director of Mission and Ministry at Merion Mercy Academy in Pennsylvania. She holds an MA in Christian Spirituality from Fordham University in New York, and a certificate in Spiritual Guidance from the Shalem Institute for Spiritual Formation in Washington, DC. She previously served as Director of Campus Ministry at Merion Mercy Academy and as a Spiritual Director at Cranaleith Spiritual Center in Philadelphia, PA. Prior to her studies in the areas of spirituality and spiritual guidance, she spent fourteen years in Institutional Advancement positions such as the Director of Development at Hope Partnership for Education, Director of Parent Programs at Malvern Preparatory School, and Associate Director of Development at Medicines for Humanity.","url":"https:\/\/themastjournal.org\/es\/author\/daniellegagnon\/"}]}},"authors":[{"term_id":96,"user_id":24,"is_guest":0,"slug":"daniellegagnon","display_name":"Danielle Gagnon, RSM","avatar_url":{"url":"https:\/\/themastjournal.org\/wp-content\/uploads\/2025\/05\/gagnon-danielle.jpg","url2x":"https:\/\/themastjournal.org\/wp-content\/uploads\/2025\/05\/gagnon-danielle.jpg"},"author_category":"1","first_name":"Danielle","last_name":"Gagnon, RSM","user_url":"","job_title":"","description":"Danielle Gagnon is Director of Mission and Ministry at Merion Mercy Academy in Pennsylvania. She holds an MA in Christian Spirituality from Fordham University in New York, and a certificate in Spiritual Guidance from the Shalem Institute for Spiritual Formation in Washington, DC. She previously served as Director of Campus Ministry at Merion Mercy Academy and as a Spiritual Director at Cranaleith Spiritual Center in Philadelphia, PA. Prior to her studies in the areas of spirituality and spiritual guidance, she spent fourteen years in Institutional Advancement positions such as the Director of Development at Hope Partnership for Education, Director of Parent Programs at Malvern Preparatory School, and Associate Director of Development at Medicines for Humanity."},{"term_id":122,"user_id":0,"is_guest":1,"slug":"danielle-gagnon-es","display_name":"Danielle Gagnon, RSM","avatar_url":{"url":"https:\/\/themastjournal.org\/wp-content\/uploads\/2025\/05\/gagnon-danielle.jpg","url2x":"https:\/\/themastjournal.org\/wp-content\/uploads\/2025\/05\/gagnon-danielle.jpg"},"author_category":"1","first_name":"","last_name":"","user_url":"","job_title":"","description":"<p style=\"font-weight: 400\">Danielle Gagnon, RSM, es Directora de Misi\u00f3n y Ministerio en Merion Mercy Academy, Pensilvania. Tiene una maestr\u00eda en Espiritualidad Cristiana de la Universidad de Fordham, Nueva York, y un certificado en Orientaci\u00f3n Espiritual.<\/p>"}],"_links":{"self":[{"href":"https:\/\/themastjournal.org\/es\/wp-json\/wp\/v2\/posts\/549","targetHints":{"allow":["GET"]}}],"collection":[{"href":"https:\/\/themastjournal.org\/es\/wp-json\/wp\/v2\/posts"}],"about":[{"href":"https:\/\/themastjournal.org\/es\/wp-json\/wp\/v2\/types\/post"}],"author":[{"embeddable":true,"href":"https:\/\/themastjournal.org\/es\/wp-json\/wp\/v2\/users\/24"}],"replies":[{"embeddable":true,"href":"https:\/\/themastjournal.org\/es\/wp-json\/wp\/v2\/comments?post=549"}],"version-history":[{"count":0,"href":"https:\/\/themastjournal.org\/es\/wp-json\/wp\/v2\/posts\/549\/revisions"}],"wp:featuredmedia":[{"embeddable":true,"href":"https:\/\/themastjournal.org\/es\/wp-json\/wp\/v2\/media\/541"}],"wp:attachment":[{"href":"https:\/\/themastjournal.org\/es\/wp-json\/wp\/v2\/media?parent=549"}],"wp:term":[{"taxonomy":"category","embeddable":true,"href":"https:\/\/themastjournal.org\/es\/wp-json\/wp\/v2\/categories?post=549"},{"taxonomy":"post_tag","embeddable":true,"href":"https:\/\/themastjournal.org\/es\/wp-json\/wp\/v2\/tags?post=549"},{"taxonomy":"author","embeddable":true,"href":"https:\/\/themastjournal.org\/es\/wp-json\/wp\/v2\/ppma_author?post=549"}],"curies":[{"name":"wp","href":"https:\/\/api.w.org\/{rel}","templated":true}]}}