{"id":1065,"date":"2025-09-15T12:02:55","date_gmt":"2025-09-15T16:02:55","guid":{"rendered":"https:\/\/themastjournal.org\/?post_type=article&#038;p=1065"},"modified":"2025-09-19T13:52:57","modified_gmt":"2025-09-19T17:52:57","slug":"quien-es-maria-para-el-cristianismo-contemporaneo","status":"publish","type":"article","link":"https:\/\/themastjournal.org\/es\/articles\/quien-es-maria-para-el-cristianismo-contemporaneo\/","title":{"rendered":"\u00bfQui\u00e9n es Mar\u00eda para el cristianismo contempor\u00e1neo?"},"content":{"rendered":"\n<p>Hacia finales de la Era Helen\u00edstica (336-146 a.C.), los habitantes del mundo grecorromano comenzaron a buscar una nueva religi\u00f3n. Quer\u00edan una que fomentara una relaci\u00f3n personal con una deidad y que afirmara la igualdad entre sus miembros. Tanto la religi\u00f3n jud\u00eda como la de Isis fueron populares en el Imperio Romano porque afirmaban algunas de estas cualidades. Este art\u00edculo explorar\u00e1 ambas religiones, ya que influyeron en el surgimiento del cristianismo y ofrecen una nueva comprensi\u00f3n del papel de Mar\u00eda en la Iglesia.<\/p>\n\n\n\n<h2 class=\"wp-block-heading\">La comunidad jud\u00eda espera la venida del Mes\u00edas<\/h2>\n\n\n\n<p>Tanto el Antiguo Testamento como el mundo grecorromano influyeron en el cristianismo. Palestina era predominantemente jud\u00eda en el primer siglo, pero ten\u00eda una fuerte influencia helen\u00edstica, especialmente en Galilea<sup>1<\/sup>.<\/p>\n\n\n\n<p>La comunidad jud\u00eda anhelaba la venida del Mes\u00edas. Esperaban a un gobernante como David, el gran rey de Israel. \u00c9l conquist\u00f3 Jerusal\u00e9n y estableci\u00f3 los est\u00e1ndares para todos los reyes (Gen 14,18). David gobern\u00f3 con justicia, sabidur\u00eda, integridad, valent\u00eda y compasi\u00f3n. \u00c9l fue un fiel servidor de YHWH, obediente a la ley jud\u00eda e ideal como rey.<\/p>\n\n\n\n<p>El Antiguo Testamento contiene m\u00e1s de 300 profec\u00edas relativas a la venida del Mes\u00edas. El profeta Isa\u00edas revela muchas de ellas. Isa\u00edas ense\u00f1a: \u00abPor eso el Se\u00f1or mismo les dar\u00e1 una se\u00f1al. Miren: La virgen est\u00e1 embarazada y dar\u00e1 a luz un hijo, y le pondr\u00e1 por nombre Emmanuel\u00bb (Is 7,14).<\/p>\n\n\n\n<p>Las predicciones propuestas de Isa\u00edas estaban relacionadas con la preservaci\u00f3n de Jud\u00e1 y con el cumplimiento de la promesa previa a David de que su reino durar\u00eda para siempre (2 Sam 7,16). Sin embargo, el juda\u00edsmo cambi\u00f3 con la destrucci\u00f3n del templo en el 70 d.C. La fe se separ\u00f3 del pueblo, lo que llev\u00f3 a la separaci\u00f3n entre juda\u00edsmo y cristianismo. Los cristianos ense\u00f1aban que la promesa hecha a los israelitas (Is 9,5-7) se cumpli\u00f3 a trav\u00e9s de Mar\u00eda (Lc 1,32-33)<sup>2<\/sup>.<\/p>\n\n\n\n<h2 class=\"wp-block-heading\"><strong>Mar\u00eda: Madre de Jes\u00fas<\/strong><\/h2>\n\n\n\n<p>El Evangelio de Lucas vincula las expectativas del Antiguo Testamento sobre el Mes\u00edas con la tradici\u00f3n cristiana. Seg\u00fan Lucas, Dios envi\u00f3 un \u00e1ngel a una virgen desposada con un hombre llamado Jos\u00e9, de la casa de David, y la virgen se llamaba Mar\u00eda (Lc 1,26-28). El \u00e1ngel le dijo: \u00ab\u00a1Al\u00e9grate, llena de gracia! El Se\u00f1or est\u00e1 contigo\u00bb. Ella qued\u00f3 desconcertada, pero el \u00e1ngel le dijo: \u00abNo temas, Mar\u00eda, que gozas del favor de Dios. Mira, concebir\u00e1s y dar\u00e1s a luz un hijo, a quien llamar\u00e1s Jes\u00fas. Ser\u00e1 grande, llevar\u00e1 el t\u00edtulo de Hijo del Alt\u00edsimo; el Se\u00f1or Dios le dar\u00e1 el trono de David, su padre, para que reine sobre la casa de Jacob\u00bb (Lc 1,26-34).<\/p>\n\n\n\n<p>Respondi\u00f3 Mar\u00eda: \u00abque se cumpla en m\u00ed tu palabra\u00bb (Lc 1,38). Luego visit\u00f3 a su prima Isabel, que esperaba un hijo en su vejez (Lc 1,37). Como David, Mar\u00eda fue una fiel sierva de YHWH. El Evangelio de Lucas integra la expectativa jud\u00eda del Mes\u00edas con la tradici\u00f3n grecorromana de Isis.<\/p>\n\n\n\n<h2 class=\"wp-block-heading\"><strong>Isis: la diosa madre de Egipto y del mundo grecorromano<\/strong><\/h2>\n\n\n\n<p>Isis fue adorada en Egipto como reina, junto con su hermano y esposo Osiris. Como reina, defend\u00eda la justicia para los pobres y la igualdad para todos, mientras que Osiris era conocido como el dios de vivos y muertos. Al igual que Isis, \u00e9l promovi\u00f3 la paz y la armon\u00eda dentro de su reino.<\/p>\n\n\n\n<p>Sin embargo, su hermano Seth, lo envidiaba y lo mat\u00f3. Seth desmembr\u00f3 a Osiris, lo puso dentro de un cofre y lo arroj\u00f3 al r\u00edo Nilo. El cofre lleg\u00f3 a la orilla y fue hallado por Isis. Ella logr\u00f3 devolver temporalmente la vida a Osiris, y ella lleg\u00f3 a ser conocida como la \u00fanica deidad capaz de resurrecci\u00f3n<sup>3<\/sup>.<\/p>\n\n\n\n<p>Posteriormente, ella qued\u00f3 embarazada y dio a luz a un hijo, Horus. Su hijo veng\u00f3 la muerte de su padre matando a su t\u00edo. Horus fue considerado el primer fara\u00f3n de Egipto, mientras que su madre recibi\u00f3 el t\u00edtulo de Madre Divina del Fara\u00f3n.<\/p>\n\n\n\n<h2 class=\"wp-block-heading\"><strong>Una comparaci\u00f3n entre Isis y Mar\u00eda<\/strong><\/h2>\n\n\n\n<p>Isis era conocida por su sabidur\u00eda, valent\u00eda y compasi\u00f3n. La popularidad de Isis se debi\u00f3 a sus atributos como una deidad sanadora, madre ideal, todopoderosa y por su asociaci\u00f3n tanto con la vida como con la muerte. Por ello, numerosas estatuas, templos y santuarios se erigieron en su honor<sup>4<\/sup>. Se le conoc\u00eda como la Gran Virgen y Diosa Madre antes del cristianismo.<\/p>\n\n\n\n<p>Dada la gran popularidad de Isis en el Imperio Romano, algunos se preguntan si Mar\u00eda fue una segunda Isis o si los primeros cristianos \u00bfsimplemente atribuyeron a Mar\u00eda algunas cualidades de Isis?<sup>5<\/sup>. Al comparar las cualidades de ambas mujeres, se pueden observar sus diferencias y similitudes. Ambas mujeres tienen himnos escritos sobre ellas que ilustran algunas de las diferencias entre las dos religiones.<\/p>\n\n\n\n<div class=\"wp-block-columns is-layout-flex wp-container-core-columns-is-layout-28f84493 wp-block-columns-is-layout-flex\">\n<div class=\"wp-block-column is-layout-flow wp-block-column-is-layout-flow\">\n<h4 class=\"wp-block-heading\">Himno a Isis<sup>6<\/sup>&nbsp;<\/h4>\n\n\n\n<p>Yo soy la primera y la \u00faltima\u2026.<\/p>\n\n\n\n<p>Yo soy la \u00fanica que existe. <\/p>\n\n\n\n<p>Yo soy la voz que resuena<\/p>\n\n\n\n<p>por todo el mundo.<\/p>\n<\/div>\n\n\n\n<div class=\"wp-block-column is-layout-flow wp-block-column-is-layout-flow\">\n<h4 class=\"wp-block-heading\">El c\u00e1ntico de Mar\u00eda<sup>7<\/sup><\/h4>\n\n\n\n<p>Mi alma proclama la grandeza del Se\u00f1or <\/p>\n\n\n\n<p>El Poderoso ha hecho grandes cosas por m\u00ed.<\/p>\n\n\n\n<p>Porque ha mirado la humildad de su esclava<\/p>\n\n\n\n<p>y ahora me llaman bienaventurada.<\/p>\n<\/div>\n<\/div>\n\n\n\n<div class=\"wp-block-columns is-layout-flex wp-container-core-columns-is-layout-28f84493 wp-block-columns-is-layout-flex\">\n<div class=\"wp-block-column is-layout-flow wp-block-column-is-layout-flow\">\n<p>Yo soy poder\u2026.&nbsp;<\/p>\n<\/div>\n\n\n\n<div class=\"wp-block-column is-layout-flow wp-block-column-is-layout-flow\">\n<p>Ha derribado a los gobernantes de sus tronos, pero ha exaltado a los humildes.<\/p>\n<\/div>\n<\/div>\n\n\n\n<div class=\"wp-block-columns is-layout-flex wp-container-core-columns-is-layout-28f84493 wp-block-columns-is-layout-flex\">\n<div class=\"wp-block-column is-layout-flow wp-block-column-is-layout-flow\">\n<p>Esc\u00fachame\u2026.&nbsp;<\/p>\n<\/div>\n\n\n\n<div class=\"wp-block-column is-layout-flow wp-block-column-is-layout-flow\">\n<p>A los hambrientos los ha colmado de bienes, ha despedido a los ricos y ha cumplido la promesa hecha a Israel de enviar un Mes\u00edas.<\/p>\n<\/div>\n<\/div>\n\n\n\n<p>Los himnos identifican claramente diferencias significativas. Isis es la diosa con poderes mayores. Ella es omnipresente, benevolente, misericordiosa, exclusiva pero no monote\u00edsta<sup>8<\/sup>. Sin embargo, Mar\u00eda se describe a s\u00ed misma como sierva de su Dios y salvador. Por otro lado, tanto Isis como Mar\u00eda fueron madres que protegieron a sus hijos contra reyes malvados y fueron representadas en esculturas sosteniendo amorosamente a sus hijos mientras los amamantaban.<\/p>\n\n\n\n<p>Isis y Mar\u00eda fueron adoradas juntas en los santuarios de curaci\u00f3n en Tesal\u00f3nica y Filipos porque la gente cre\u00eda que en la leche de una madre resid\u00edan poderes curativos<sup>9<\/sup>. Ambas mujeres buscaban justicia para los pobres e igualdad para todos. Los primeros cristianos parecen adoptar las cualidades de Isis como mujer y madre para la comunidad cristiana (Gal 3,28). Posteriormente, atribuyeron estas cualidades a Mar\u00eda.<\/p>\n\n\n\n<h2 class=\"wp-block-heading\"><strong>\u00bfQui\u00e9n fue Mar\u00eda en la era posevang\u00e9lica?<\/strong><\/h2>\n\n\n\n<p>Los Evangelios describen a Mar\u00eda como la Madre de Jes\u00fas (Lc 1,26-36; Mt 1,18). Ella afirma a Jes\u00fas como el ungido, salvador y el cumplimiento del plan redentor de Dios. Por otro lado, Jes\u00fas se refiri\u00f3 a Mar\u00eda como mujer y no como madre hasta la crucifixi\u00f3n (Jn 19,26). Tanto Pablo (Gal 4,14) como Juan (Ap 12,1; 12,5-6) describen a Mar\u00eda como una mujer que simboliza a todas las mujeres. Este tema se refleja en el Libro del Apocalipsis.<\/p>\n\n\n\n<p>El Libro del Apocalipsis est\u00e1 dirigido a las siete Iglesias de Asia. Cada carta se presenta como un discurso celestial sobre lo que Dios har\u00e1 pronto por el pueblo sufriente. El texto integra algunas expectativas del Antiguo Testamento y el atisbo del autor de una vida celestial con Dios (Ap 12,4).<\/p>\n\n\n\n<p>En el cap\u00edtulo 12, el autor describe a una mujer vestida del sol, con la luna bajo sus pies y en su cabeza doce estrellas (Ap 12,1)<sup> 10<\/sup>. Estaba encinta, pero apareci\u00f3 un drag\u00f3n listo para devorar al ni\u00f1o (Ap 12,4). El ni\u00f1o fue \u00abarrebatado para Dios\u00bb, lo que significa que cambi\u00f3 de ubicaci\u00f3n de una vida terrenal a una en el cielo. Mientras tanto, la mujer escap\u00f3 al desierto donde Dios le prepar\u00f3 un lugar (Ap 12,5-6).<\/p>\n\n\n\n<p>El autor del Apocalipsis usa un simbolismo que los primeros cristianos reconocer\u00edan. Las doce estrellas representaban a las 12 tribus de Israel mientras que el drag\u00f3n representaba el mal (Sal 74,13-14). La huida de la mujer se consideraba un lugar de protecci\u00f3n divina para esperar la segunda venida de Cristo (Ex 19,4; Is 40,31). Tanto el ni\u00f1o como la mujer recuerdan a la comunidad que todos aguardamos la segunda venida de Cristo cuando seremos reubicados con Dios para siempre. La mujer del cap\u00edtulo 12 puede referirse a Mar\u00eda, quien aplast\u00f3 el culto de Isis, o a la Iglesia. Algunos te\u00f3logos sugieren una combinaci\u00f3n de ambas tradiciones. El estatus de Isis como madre y sus cualidades femeninas se atribuyen tanto a Mar\u00eda como a la Iglesia<sup> 11<\/sup>.<\/p>\n\n\n\n<h2 class=\"wp-block-heading\"><strong>Mar\u00eda: Madre de la Iglesia<\/strong><\/h2>\n\n\n\n<p>Mar\u00eda ha sido una parte integral de la tradici\u00f3n cristiana. Fue muy popular dentro del primer milenio. La Iglesia Oriental utiliz\u00f3 el t\u00edtulo <em>Theotokos<\/em>, que significa portadora de Cristo, en sus liturgias. Por otro lado, la Iglesia Occidental tradujo <em>Theotokos<\/em> para significar Madre de Dios. El Concilio de \u00c9feso (431 d. C.) defini\u00f3 el t\u00edtulo de Mar\u00eda como portadora de Cristo, no portadora de Dios<sup>12<\/sup>.<\/p>\n\n\n\n<p>M\u00e1s tarde, la Iglesia ense\u00f1\u00f3 que el cuerpo de Mar\u00eda fue llevado al cielo como El\u00edas (2 Re 2,1-18), y que estaba libre del pecado original como Madre de Dios. El Concilio Vaticano II plante\u00f3 algunas preguntas relativas a estas tradiciones.<\/p>\n\n\n\n<p>Los obispos del Vaticano II pudieron llegar a un compromiso en dos documentos teol\u00f3gicos. El primero fue cristoc\u00e9ntrico, que es la relaci\u00f3n de Mar\u00eda con su Hijo, y en segundo lugar, su papel en la historia de la salvaci\u00f3n<sup>13<\/sup>. Los Padres conciliares incorporaron la doctrina sobre Mar\u00eda en la Constituci\u00f3n sobre la Iglesia<sup>14<\/sup>.<\/p>\n\n\n\n<p>El s\u00ed de Mar\u00eda a Dios para ser la Madre de Jes\u00fas (Lc 1,38) la estableci\u00f3 como la Nueva Eva y madre del Nuevo Ad\u00e1n que trae nueva vida (LG, cap. 2, p\u00e1rr. 56). Juntos, Mar\u00eda y Jes\u00fas trabajaron para traer paz y alegr\u00eda a todas las personas. Mar\u00eda anim\u00f3 a su Hijo a realizar un milagro en Can\u00e1 para una pareja de bodas (LG, cap. 2, p\u00e1rr. 58). M\u00e1s tarde, or\u00f3 con sus disc\u00edpulos por el don del Esp\u00edritu Santo (Hch 1,14; LG, cap. 2, p\u00e1rr. 59).<\/p>\n\n\n\n<p>Los Padres conciliares una vez m\u00e1s afirmaron la Inmaculada Concepci\u00f3n de Mar\u00eda y su Asunci\u00f3n al cielo (LG, cap. 2, p\u00e1rr. 59). Estos documentos acercan a Mar\u00eda a la experiencia humana, pero tambi\u00e9n nos dan esperanza y direcci\u00f3n para el futuro. La mayor\u00eda de las religiones describen a Dios en t\u00e9rminos masculinos, mientras que los cristianos describen a Dios a trav\u00e9s de atributos masculinos y femeninos. Isa\u00edas afirma que Dios es padre, madre y alfarero. Por lo tanto, Dios es los tres (Is 45,9-11)<sup> 15<\/sup>.<\/p>\n\n\n\n<p>Los Padres conciliares rechazaron identificar un \u00fanico t\u00edtulo para Mar\u00eda. En cambio, se centraron en sus virtudes particularmente en relaci\u00f3n con la Encarnaci\u00f3n (LG, cap. 2, p\u00e1rr. 65)<sup> 16<\/sup>. Mar\u00eda es amorosa, compasiva y atenta a los pobres y a los sufrimientos de la sociedad. Ella es el prototipo de todas las mujeres porque es una figura de fortaleza y poder. As\u00ed, la ven como el lado femenino de Dios<sup> 17<\/sup>.<\/p>\n\n\n\n<h2 class=\"wp-block-heading\"><strong>Resumen y conclusi\u00f3n<\/strong><\/h2>\n\n\n\n<p>Los cristianos cre\u00edan que Dios cumpli\u00f3 la alianza hecha a los israelitas y estableci\u00f3 una nueva alianza en los corazones del pueblo por el Esp\u00edritu Santo. Dios dijo: \u00abYo ser\u00e9 su Dios, y ellos ser\u00e1n mi pueblo\u00bb (Jer 31,33)<sup>18<\/sup>.<\/p>\n\n\n\n<p>Los primeros cristianos defendieron la necesidad de equilibrar las cualidades femeninas y masculinas dentro de la Iglesia (Gal 3,28). As\u00ed, los disc\u00edpulos de Jes\u00fas, incluida Mar\u00eda, se reunieron para esperar la venida del Esp\u00edritu Santo. Las deidades femeninas fueron prominentes desde el 2000 a. C. hasta el 500 d. C. Su presencia cambi\u00f3 las religiones<sup> 19<\/sup>. Mar\u00eda aport\u00f3 esta dimensi\u00f3n a la Iglesia primitiva.<\/p>\n\n\n\n<p>El Papa Francisco hace eco de una necesidad similar hoy para voces tanto masculinas como femeninas dentro de la Iglesia. Les dijo a los miembros de la comisi\u00f3n de planificaci\u00f3n que en el pr\u00f3ximo Consejo Internacional de Cardenales: \u00abTendremos una reflexi\u00f3n sobre la dimensi\u00f3n femenina de la Iglesia\u00bb<sup>20<\/sup>.<\/p>\n\n\n\n<p>La cualidad femenina que la Iglesia necesita es la sabidur\u00eda transmitida a la pr\u00f3xima generaci\u00f3n. Ser femenino es guiar a otros a trav\u00e9s de pruebas y celebraciones. Esto es lo que Mar\u00eda y las mujeres pueden hacer por la Iglesia hoy. \u00a1Esta es la visi\u00f3n del Papa Francisco y la que comparten muchas personas!<\/p>\n\n\n\n<h2 class=\"wp-block-heading\"><strong>Notas finales<\/strong><\/h2>\n\n\n\n<p><sup>1<\/sup>Raymond Brown, <em>Una Introducci\u00f3n al Nuevo Testamento<\/em> (Nueva York: Doubleday, 1997), 74.<\/p>\n\n\n\n<p><sup>2<\/sup>Kenneth Boa, <em>Hablando a trav\u00e9s del Nuevo Testament<\/em>o (Wheaton, IL: Tyndale House Publishers, 1980), 61-62.<\/p>\n\n\n\n<p><sup>3<\/sup>Hazel Butler, \u00abEl culto a Isis y el cristianismo inicial\u00bb. Vean <a href=\"https:\/\/hilo.hawaii.edu\/campuscenter\/hohonu\/volumes\/documents\/Vol05x19\">https:\/\/hilo.hawaii.edu\/campuscenter\/hohonu\/volumes\/documents\/Vol05x19<\/a>&nbsp; (solo en ingl\u00e9s). Consultado el 19 de mayo de 2024.<\/p>\n\n\n\n<p><sup>4<\/sup>Ilana Herzig, \u00abAlabando a la diosa prohibida\u00bb, <em>Arqueolog\u00eda<\/em> (Noviembre\/Diciembre, 2023): 25-29. Con el auge del cristianismo entre los siglos cuarto y sexto, emperadores como Constantino (324-337) y Justiniano (527-565) intentaron disminuir el paganismo. Constantino convirti\u00f3 templos en iglesias, y Justiniano revoc\u00f3 las licencias de los instructores paganos para la ense\u00f1anza. A pesar de estos intentos oficiales de prohibici\u00f3n, el paganismo permaneci\u00f3 extendido en partes del imperio. De hecho, se descubri\u00f3 recientemente una estatua de Isis que data del siglo VI. Este descubrimiento indica que Isis segu\u00eda siendo venerada junto al cristianismo.<\/p>\n\n\n\n<p>Vean Jarret A. Lobell, \u00abLos 10 descubrimientos m\u00e1s importantes de 2023\u00bb, Arqueolog\u00eda (Enero\/Febrero, 2024): 22-28.<\/p>\n\n\n\n<p><sup>5<\/sup>Jessica Jewett, \u00ab\u00bfSe convirti\u00f3 Isis en la Virgen Mar\u00eda?\u00bb. Vean <a href=\"https:\/\/jessicajewettonline.com\/did-isis-become-the-virgin-mary\">https:\/\/jessicajewettonline.com\/did-isis-become-the-virgin-mary<\/a> (solo en ingl\u00e9s)&#8230;. Consultado el 19 de mayo de 2024.<\/p>\n\n\n\n<p><sup>6<\/sup>Richard Smith, ed., <em>Librer\u00eda Nag Hammadi<\/em> (Nueva York: Harper San Francisco, 1978), \u00abEl trueno: la mente perfecta\u00bb, por Douglas M. Parrott, ed., 297-303. \u00abEl trueno: la mente perfecta\u00bb fue descubierto en la colecci\u00f3n de Nag Hammadi en 1945. En la introducci\u00f3n al documento, George W. MacRae dice que el texto no contiene alusiones cristianas, jud\u00edas o gn\u00f3sticas expl\u00edcitas, pero las autoproclamaciones son similares a las de Isis (296). Tanto Smith como Parrott creen que la voz es la de Isis. Sin embargo, Lesley Hazleton sugiere que podr\u00eda ser Mar\u00eda. V\u00e9ase Lesley Hazleton, <em>Mary<\/em> (Nueva York: Bloomsbury Publisher, 2004), 205.<\/p>\n\n\n\n<p><sup>7<\/sup>El c\u00e1ntico de Mar\u00eda (Lc 1,46-57) es similar al C\u00e1ntico de Ana (1 Sam 1,11). Mary Aquin O\u2019Neil sugiere que el Magn\u00edficat enfatiza la voz prof\u00e9tica de Mar\u00eda. V\u00e9ase Mary Aquin O\u2019Neil, <em>Gracia original <\/em>(Eugene, Oregon: Cascade Books, 2023), 26 y 29.<\/p>\n\n\n\n<p><sup>8<\/sup>Henry C. Boren, <em>El mundo antiguo <\/em>(Englewood Cliffs, NJ: Prentice Hall, 1986), 220.<\/p>\n\n\n\n<p><sup>9<\/sup>Valerie A. Abrahamsen, \u00abMar\u00eda, Isis y la diosa de la V\u00eda Egnatia\u00bb. Vean https:\/\/ www. biblicalarchaelogy.org\/daily\/biblical-sites-places\/Mary-Isis-and the goddess-of-the via-egnatia (solo en ingl\u00e9s). Consultado el 19 de mayo de 2024.<\/p>\n\n\n\n<p><sup>10<\/sup>Tanto Mar\u00eda como Isis compartieron el t\u00edtulo <em>Estrella del Mar<\/em>. V\u00e9ase Michael Jordan, <em>Enciclopedia de los diose<u>s<\/u><\/em> (Nueva York: Facts on File Inc., 1993), 118.<\/p>\n\n\n\n<p><sup>11<\/sup>Carol P. Christ y otros, ed., <em>Mujer esp\u00edritu ascendente <\/em>(Nueva York: Harper San Francisco, 1992), \u00abEspiritualidad feminista, identidad cristiana y visi\u00f3n cat\u00f3lica\u00bb, por Elisabeth Sch\u00fcssler Fiorenza,136-49.<\/p>\n\n\n\n<p><sup>12<\/sup>Jaroslav Pelikan, <em>Mar\u00eda a trav\u00e9s de los siglos <\/em>(Grand Rapids, MI: Universidad Yale, 1996), 56-57.<\/p>\n\n\n\n<p><sup>13<\/sup>Richard R. Gaillardetz, La Iglesia en construcci\u00f3n (Nueva York: Mahwah, NJ, 2006), 57.<\/p>\n\n\n\n<p><sup>14<\/sup>Walter Abbott, ed., <em>Los documentos del Vaticano II <\/em>(Nueva York, Guild Press, 1966). El documento ser\u00e1 referido como LG (Lumen Gentium).<\/p>\n\n\n\n<p><sup>15<\/sup>Carol A. Newsom y otros, ed. El comentario b\u00edblico para mujeres (EUA: Westminster\/John Knox Press, 1992), \u00abIsa\u00edas\u00bb, por Susan Ackerman, 167.<\/p>\n\n\n\n<p><sup>16<\/sup>Gaillardetz, La Iglesia, 57-58.<\/p>\n\n\n\n<p><sup>17<\/sup>Carol Frances Jegen, ed., <em>Mar\u00eda seg\u00fan las mujeres<\/em> (Kansas City, Missouri: Leaven Press, 1985), \u00abMar\u00eda en el ministerio de la Iglesia\u00bb, por Anne Carr. Ella cita a Elisabeth Sch\u00fcssler Fiorenza, quien afirma que Mar\u00eda refleja el lado femenino de Dios y de la Iglesia, 9.<\/p>\n\n\n\n<p><sup>18<\/sup>Denise Lardner Carmody, <em>Mujeres b\u00edblicas<\/em> (Nueva York: Crossroads, 1989), 82.<\/p>\n\n\n\n<p><sup>19<\/sup>Carol P. Christ, y otros, ed., <em>Esp\u00edritu femenino en ascenso <\/em>(Nueva York: Harper Collins Publishers, 1992), \u00abCuando Dios fue una mujer\u00bb, por Merlin Stone, 120-31.<\/p>\n\n\n\n<p><sup>20<\/sup>Vatican News, (Noticias del Vaticano) 4 de diciembre de 2023. Vean https: www.vaticannews-va&gt;news. Consultado el 19 de mayo de 2024.<\/p>\n<div class=\"pdfprnt-buttons pdfprnt-buttons-article pdfprnt-bottom-right\"><a href=\"https:\/\/themastjournal.org\/es\/wp-json\/wp\/v2\/article\/1065?print=pdf\" class=\"pdfprnt-button pdfprnt-button-pdf\" target=\"_blank\" ><span class=\"pdfprnt-button-title pdfprnt-button-pdf-title\">Print or Save as PDF<\/span><\/a><\/div>","protected":false},"excerpt":{"rendered":"<p>Este art\u00edculo explorar\u00e1 ambas religiones, ya que influyeron en el surgimiento del cristianismo y ofrecen una nueva comprensi\u00f3n del papel de Mar\u00eda en la Iglesia.<\/p>\n","protected":false},"author":27,"featured_media":1063,"template":"","categories":[68,59,79],"volume_number":[107],"ppma_author":[141],"class_list":["post-1065","article","type-article","status-publish","has-post-thumbnail","hentry","category-escritura","category-fe-catolica","category-santos-y-personas-santas-es","volume_number-v30-n2-es","author-sharon-kerrigan-es"],"acf":[],"yoast_head":"<!-- This site is optimized with the Yoast SEO plugin v27.5 - https:\/\/yoast.com\/product\/yoast-seo-wordpress\/ -->\n<title>\u00bfQui\u00e9n es Mar\u00eda para el cristianismo contempor\u00e1neo? - The Mast Journal<\/title>\n<meta name=\"robots\" content=\"index, follow, max-snippet:-1, max-image-preview:large, max-video-preview:-1\" \/>\n<link rel=\"canonical\" href=\"https:\/\/themastjournal.org\/es\/articles\/quien-es-maria-para-el-cristianismo-contemporaneo\/\" \/>\n<meta property=\"og:locale\" content=\"es_ES\" \/>\n<meta property=\"og:type\" content=\"article\" \/>\n<meta property=\"og:title\" content=\"\u00bfQui\u00e9n es Mar\u00eda para el cristianismo contempor\u00e1neo? - The Mast Journal\" \/>\n<meta property=\"og:description\" content=\"Este art\u00edculo explorar\u00e1 ambas religiones, ya que influyeron en el surgimiento del cristianismo y ofrecen una nueva comprensi\u00f3n del papel de Mar\u00eda en la Iglesia.\" \/>\n<meta property=\"og:url\" content=\"https:\/\/themastjournal.org\/es\/articles\/quien-es-maria-para-el-cristianismo-contemporaneo\/\" \/>\n<meta property=\"og:site_name\" content=\"The Mast Journal\" \/>\n<meta property=\"article:modified_time\" content=\"2025-09-19T17:52:57+00:00\" \/>\n<meta property=\"og:image\" content=\"https:\/\/themastjournal.org\/wp-content\/uploads\/2025\/09\/01-photo-of-virgin-mary-statue-gonzalesroman.png\" \/>\n\t<meta property=\"og:image:width\" content=\"674\" \/>\n\t<meta property=\"og:image:height\" content=\"379\" \/>\n\t<meta property=\"og:image:type\" content=\"image\/png\" \/>\n<meta name=\"twitter:card\" content=\"summary_large_image\" \/>\n<meta name=\"twitter:label1\" content=\"Est. reading time\" \/>\n\t<meta name=\"twitter:data1\" content=\"12 minutos\" \/>\n<script type=\"application\/ld+json\" class=\"yoast-schema-graph\">{\"@context\":\"https:\\\/\\\/schema.org\",\"@graph\":[{\"@type\":\"WebPage\",\"@id\":\"https:\\\/\\\/themastjournal.org\\\/es\\\/articles\\\/quien-es-maria-para-el-cristianismo-contemporaneo\\\/\",\"url\":\"https:\\\/\\\/themastjournal.org\\\/es\\\/articles\\\/quien-es-maria-para-el-cristianismo-contemporaneo\\\/\",\"name\":\"\u00bfQui\u00e9n es Mar\u00eda para el cristianismo contempor\u00e1neo? - The Mast Journal\",\"isPartOf\":{\"@id\":\"https:\\\/\\\/themastjournal.org\\\/es\\\/#website\"},\"primaryImageOfPage\":{\"@id\":\"https:\\\/\\\/themastjournal.org\\\/es\\\/articles\\\/quien-es-maria-para-el-cristianismo-contemporaneo\\\/#primaryimage\"},\"image\":{\"@id\":\"https:\\\/\\\/themastjournal.org\\\/es\\\/articles\\\/quien-es-maria-para-el-cristianismo-contemporaneo\\\/#primaryimage\"},\"thumbnailUrl\":\"https:\\\/\\\/themastjournal.org\\\/wp-content\\\/uploads\\\/2025\\\/09\\\/01-photo-of-virgin-mary-statue-gonzalesroman.png\",\"datePublished\":\"2025-09-15T16:02:55+00:00\",\"dateModified\":\"2025-09-19T17:52:57+00:00\",\"breadcrumb\":{\"@id\":\"https:\\\/\\\/themastjournal.org\\\/es\\\/articles\\\/quien-es-maria-para-el-cristianismo-contemporaneo\\\/#breadcrumb\"},\"inLanguage\":\"es\",\"potentialAction\":[{\"@type\":\"ReadAction\",\"target\":[\"https:\\\/\\\/themastjournal.org\\\/es\\\/articles\\\/quien-es-maria-para-el-cristianismo-contemporaneo\\\/\"]}]},{\"@type\":\"ImageObject\",\"inLanguage\":\"es\",\"@id\":\"https:\\\/\\\/themastjournal.org\\\/es\\\/articles\\\/quien-es-maria-para-el-cristianismo-contemporaneo\\\/#primaryimage\",\"url\":\"https:\\\/\\\/themastjournal.org\\\/wp-content\\\/uploads\\\/2025\\\/09\\\/01-photo-of-virgin-mary-statue-gonzalesroman.png\",\"contentUrl\":\"https:\\\/\\\/themastjournal.org\\\/wp-content\\\/uploads\\\/2025\\\/09\\\/01-photo-of-virgin-mary-statue-gonzalesroman.png\",\"width\":674,\"height\":379,\"caption\":\"Photo of a statue of Mary by @gonzalesroman\"},{\"@type\":\"BreadcrumbList\",\"@id\":\"https:\\\/\\\/themastjournal.org\\\/es\\\/articles\\\/quien-es-maria-para-el-cristianismo-contemporaneo\\\/#breadcrumb\",\"itemListElement\":[{\"@type\":\"ListItem\",\"position\":1,\"name\":\"Home\",\"item\":\"https:\\\/\\\/themastjournal.org\\\/es\\\/\"},{\"@type\":\"ListItem\",\"position\":2,\"name\":\"Articles\",\"item\":\"https:\\\/\\\/themastjournal.org\\\/es\\\/articles\\\/\"},{\"@type\":\"ListItem\",\"position\":3,\"name\":\"\u00bfQui\u00e9n es Mar\u00eda para el cristianismo contempor\u00e1neo?\"}]},{\"@type\":\"WebSite\",\"@id\":\"https:\\\/\\\/themastjournal.org\\\/es\\\/#website\",\"url\":\"https:\\\/\\\/themastjournal.org\\\/es\\\/\",\"name\":\"The Mast Journal\",\"description\":\"A Sisters of Mercy publication\",\"publisher\":{\"@id\":\"https:\\\/\\\/themastjournal.org\\\/es\\\/#organization\"},\"potentialAction\":[{\"@type\":\"SearchAction\",\"target\":{\"@type\":\"EntryPoint\",\"urlTemplate\":\"https:\\\/\\\/themastjournal.org\\\/es\\\/?s={search_term_string}\"},\"query-input\":{\"@type\":\"PropertyValueSpecification\",\"valueRequired\":true,\"valueName\":\"search_term_string\"}}],\"inLanguage\":\"es\"},{\"@type\":\"Organization\",\"@id\":\"https:\\\/\\\/themastjournal.org\\\/es\\\/#organization\",\"name\":\"The Mast Journal\",\"url\":\"https:\\\/\\\/themastjournal.org\\\/es\\\/\",\"logo\":{\"@type\":\"ImageObject\",\"inLanguage\":\"es\",\"@id\":\"https:\\\/\\\/themastjournal.org\\\/es\\\/#\\\/schema\\\/logo\\\/image\\\/\",\"url\":\"https:\\\/\\\/themastjournal.org\\\/wp-content\\\/uploads\\\/2025\\\/03\\\/logo.png\",\"contentUrl\":\"https:\\\/\\\/themastjournal.org\\\/wp-content\\\/uploads\\\/2025\\\/03\\\/logo.png\",\"width\":450,\"height\":185,\"caption\":\"The Mast Journal\"},\"image\":{\"@id\":\"https:\\\/\\\/themastjournal.org\\\/es\\\/#\\\/schema\\\/logo\\\/image\\\/\"}}]}<\/script>\n<!-- \/ Yoast SEO plugin. -->","yoast_head_json":{"title":"\u00bfQui\u00e9n es Mar\u00eda para el cristianismo contempor\u00e1neo? - The Mast Journal","robots":{"index":"index","follow":"follow","max-snippet":"max-snippet:-1","max-image-preview":"max-image-preview:large","max-video-preview":"max-video-preview:-1"},"canonical":"https:\/\/themastjournal.org\/es\/articles\/quien-es-maria-para-el-cristianismo-contemporaneo\/","og_locale":"es_ES","og_type":"article","og_title":"\u00bfQui\u00e9n es Mar\u00eda para el cristianismo contempor\u00e1neo? - The Mast Journal","og_description":"Este art\u00edculo explorar\u00e1 ambas religiones, ya que influyeron en el surgimiento del cristianismo y ofrecen una nueva comprensi\u00f3n del papel de Mar\u00eda en la Iglesia.","og_url":"https:\/\/themastjournal.org\/es\/articles\/quien-es-maria-para-el-cristianismo-contemporaneo\/","og_site_name":"The Mast Journal","article_modified_time":"2025-09-19T17:52:57+00:00","og_image":[{"width":674,"height":379,"url":"https:\/\/themastjournal.org\/wp-content\/uploads\/2025\/09\/01-photo-of-virgin-mary-statue-gonzalesroman.png","type":"image\/png"}],"twitter_card":"summary_large_image","twitter_misc":{"Est. reading time":"12 minutos"},"schema":{"@context":"https:\/\/schema.org","@graph":[{"@type":"WebPage","@id":"https:\/\/themastjournal.org\/es\/articles\/quien-es-maria-para-el-cristianismo-contemporaneo\/","url":"https:\/\/themastjournal.org\/es\/articles\/quien-es-maria-para-el-cristianismo-contemporaneo\/","name":"\u00bfQui\u00e9n es Mar\u00eda para el cristianismo contempor\u00e1neo? - The Mast Journal","isPartOf":{"@id":"https:\/\/themastjournal.org\/es\/#website"},"primaryImageOfPage":{"@id":"https:\/\/themastjournal.org\/es\/articles\/quien-es-maria-para-el-cristianismo-contemporaneo\/#primaryimage"},"image":{"@id":"https:\/\/themastjournal.org\/es\/articles\/quien-es-maria-para-el-cristianismo-contemporaneo\/#primaryimage"},"thumbnailUrl":"https:\/\/themastjournal.org\/wp-content\/uploads\/2025\/09\/01-photo-of-virgin-mary-statue-gonzalesroman.png","datePublished":"2025-09-15T16:02:55+00:00","dateModified":"2025-09-19T17:52:57+00:00","breadcrumb":{"@id":"https:\/\/themastjournal.org\/es\/articles\/quien-es-maria-para-el-cristianismo-contemporaneo\/#breadcrumb"},"inLanguage":"es","potentialAction":[{"@type":"ReadAction","target":["https:\/\/themastjournal.org\/es\/articles\/quien-es-maria-para-el-cristianismo-contemporaneo\/"]}]},{"@type":"ImageObject","inLanguage":"es","@id":"https:\/\/themastjournal.org\/es\/articles\/quien-es-maria-para-el-cristianismo-contemporaneo\/#primaryimage","url":"https:\/\/themastjournal.org\/wp-content\/uploads\/2025\/09\/01-photo-of-virgin-mary-statue-gonzalesroman.png","contentUrl":"https:\/\/themastjournal.org\/wp-content\/uploads\/2025\/09\/01-photo-of-virgin-mary-statue-gonzalesroman.png","width":674,"height":379,"caption":"Photo of a statue of Mary by @gonzalesroman"},{"@type":"BreadcrumbList","@id":"https:\/\/themastjournal.org\/es\/articles\/quien-es-maria-para-el-cristianismo-contemporaneo\/#breadcrumb","itemListElement":[{"@type":"ListItem","position":1,"name":"Home","item":"https:\/\/themastjournal.org\/es\/"},{"@type":"ListItem","position":2,"name":"Articles","item":"https:\/\/themastjournal.org\/es\/articles\/"},{"@type":"ListItem","position":3,"name":"\u00bfQui\u00e9n es Mar\u00eda para el cristianismo contempor\u00e1neo?"}]},{"@type":"WebSite","@id":"https:\/\/themastjournal.org\/es\/#website","url":"https:\/\/themastjournal.org\/es\/","name":"The Mast Journal","description":"A Sisters of Mercy publication","publisher":{"@id":"https:\/\/themastjournal.org\/es\/#organization"},"potentialAction":[{"@type":"SearchAction","target":{"@type":"EntryPoint","urlTemplate":"https:\/\/themastjournal.org\/es\/?s={search_term_string}"},"query-input":{"@type":"PropertyValueSpecification","valueRequired":true,"valueName":"search_term_string"}}],"inLanguage":"es"},{"@type":"Organization","@id":"https:\/\/themastjournal.org\/es\/#organization","name":"The Mast Journal","url":"https:\/\/themastjournal.org\/es\/","logo":{"@type":"ImageObject","inLanguage":"es","@id":"https:\/\/themastjournal.org\/es\/#\/schema\/logo\/image\/","url":"https:\/\/themastjournal.org\/wp-content\/uploads\/2025\/03\/logo.png","contentUrl":"https:\/\/themastjournal.org\/wp-content\/uploads\/2025\/03\/logo.png","width":450,"height":185,"caption":"The Mast Journal"},"image":{"@id":"https:\/\/themastjournal.org\/es\/#\/schema\/logo\/image\/"}}]}},"_links":{"self":[{"href":"https:\/\/themastjournal.org\/es\/wp-json\/wp\/v2\/article\/1065","targetHints":{"allow":["GET"]}}],"collection":[{"href":"https:\/\/themastjournal.org\/es\/wp-json\/wp\/v2\/article"}],"about":[{"href":"https:\/\/themastjournal.org\/es\/wp-json\/wp\/v2\/types\/article"}],"author":[{"embeddable":true,"href":"https:\/\/themastjournal.org\/es\/wp-json\/wp\/v2\/users\/27"}],"wp:featuredmedia":[{"embeddable":true,"href":"https:\/\/themastjournal.org\/es\/wp-json\/wp\/v2\/media\/1063"}],"wp:attachment":[{"href":"https:\/\/themastjournal.org\/es\/wp-json\/wp\/v2\/media?parent=1065"}],"wp:term":[{"taxonomy":"category","embeddable":true,"href":"https:\/\/themastjournal.org\/es\/wp-json\/wp\/v2\/categories?post=1065"},{"taxonomy":"volume_number","embeddable":true,"href":"https:\/\/themastjournal.org\/es\/wp-json\/wp\/v2\/volume_number?post=1065"},{"taxonomy":"author","embeddable":true,"href":"https:\/\/themastjournal.org\/es\/wp-json\/wp\/v2\/ppma_author?post=1065"}],"curies":[{"name":"wp","href":"https:\/\/api.w.org\/{rel}","templated":true}]}}